{"id":19782,"date":"2021-10-20T14:05:14","date_gmt":"2021-10-20T14:05:14","guid":{"rendered":"http:\/\/rurallascolonias.com.ar\/?p=19782"},"modified":"2021-10-20T14:05:15","modified_gmt":"2021-10-20T14:05:15","slug":"para-industriales-santafesinos-estan-amagando-que-reglamentan-la-nueva-ley","status":"publish","type":"post","link":"http:\/\/rurallascolonias.com.ar\/?p=19782","title":{"rendered":"PARA INDUSTRIALES SANTAFESINOS \u00abEST\u00c1N AMAGANDO\u00bb QUE REGLAMENTAN LA NUEVA LEY"},"content":{"rendered":"\n<p>Marcelo Kusznierz, de la C\u00e1mara de Biocombustibles de la Uni\u00f3n Industrial santafesina, sostuvo que el decreto reglamentario perjudica abiertamente los intereses de las empresas de la provincia. \u00abLa realidad es que nosotros no podemos esperar 180 d\u00edas\u00bb, dijo en referencia la plazo que dispuso la norma para lograr una reglamentaci\u00f3n definitiva.<\/p>\n\n\n\n<p><strong><em>Luis Rodrigo | campo@ellitoral.com<\/em><\/strong><\/p>\n\n\n\n<p>Marcelo Kusznierz, integrante de la firma Doble L Bioenerg\u00edas SA, forma parte de la C\u00e1mara de Biocombustibles de la Uni\u00f3n Industrial de Santa Fe. Habl\u00f3 con Campolitoral sobre su reacci\u00f3n ante la novedad de estos d\u00edas: se ha dictado un decreto para la reglamentaci\u00f3n de la nueva Ley de Biocombustibles, que abiertamente perjudica los intereses de las empresas santafesinas productoras de biodi\u00e9sel.<\/p>\n\n\n\n<p>El proceso de reglamentaci\u00f3n de la norma (en la que las firmas locales han perdido buena parte de su mercado interno) ofrece la chance de que -al menos por esa v\u00eda- se recupere el panorama de necesarias certezas que daba el marco legal anterior, lamentablemente perdido para los santafesinos.<\/p>\n\n\n\n<p>El empresario dijo que es algo escueto el decreto 717 para la reglamentaci\u00f3n de la Ley y que le resulta positivo \u00abel llamado al di\u00e1logo\u00bb respecto del sector productor de biocombustibles. Y que lo que preocupa especialmente al sector es el plazo establecido y que el gobierno nacional no haya a\u00fan comprendido que la cuesti\u00f3n \u00abes urgente\u00bb.<\/p>\n\n\n\n<p><strong>Campolitoral: &#8211; \u00bfCu\u00e1l es su visi\u00f3n sobre esta novedad normativa?<\/strong><\/p>\n\n\n\n<p>Marcelo Kusznierz: &#8211; Es positivo el decreto porque instruye a la Secretar\u00eda Energ\u00eda para que en el plazo m\u00e1ximo de 180 d\u00edas lleve a cabo la revisi\u00f3n del marco regulatorio, en materia de seguridad, calidad, registraci\u00f3n y porque propicia el dictado de la normativa pertinente. Pero en definitiva est\u00e1 claro que est\u00e1n simplemente amagando con que van a sacar una reglamentaci\u00f3n.<\/p>\n\n\n\n<p><strong>&#8211; Pero a\u00fan no est\u00e1 esa reglamentaci\u00f3n.<\/strong><\/p>\n\n\n\n<p>&#8211; Todav\u00eda no est\u00e1. Evidentemente no est\u00e1 lista? Nosotros celebramos que dentro del decreto hagan una convocatoria a todas las empresas del sector y esperamos que se cumpla con la palabra empe\u00f1ada: que podamos participar activamente en los detalles de la reglamentaci\u00f3n de la ley 27.640. Pero la realidad es que nosotros no podemos esperar 180 d\u00edas. Sinceramente, hubi\u00e9ramos preferido que todo esto ya hubiera sido resuelto. Incluso antes de las elecciones. Evidentemente, no vamos a tener una respuesta en un mes. Esperamos que efectivamente nos convoquen, que podamos participar y suponemos que con posterioridad a los comicios. Desde las c\u00e1maras del sector queremos dar nuestro punto de vista para una reglamentaci\u00f3n definitiva de la ley.<\/p>\n\n\n\n<p><strong>&#8211; Usted menciona que para el sector es urgente tener definiciones. \u00bfC\u00f3mo definir\u00eda su actual estado?<\/strong><\/p>\n\n\n\n<p>&#8211; Como cuando se discut\u00eda la ley, seguimos reclamando ahora para que en la reglamentaci\u00f3n se contemple al menos un cupo m\u00ednimo para aquellas empresas Pymes regionales, que necesitan una producci\u00f3n m\u00ednima para subsistir. En el caso nuestro, actualmente estamos apenas pasando una asignaci\u00f3n por parte del gobierno nacional pasando las 500 toneladas y realmente es una producci\u00f3n que a duras penas nos permite solo sobrevivir. Nosotros necesitamos que como m\u00ednimo nos llegue cupo asignado de aproximadamente entre 1.200 y 1.500 toneladas es lo que reclamamos.<\/p>\n\n\n\n<p>En todo el sector necesitamos certezas, un horizonte claro de producci\u00f3n. Hoy no lo tenemos. La Secretar\u00eda de Energ\u00eda de la Naci\u00f3n est\u00e1 asignando los cupos y no sabemos en virtud de qu\u00e9 prorrateo.En nuestro caso se nos asignan en un mes unas 700 toneladas, en otro mes bastante menos, luego 600 y en el \u00faltimo per\u00edodo no llegaron a 500 toneladas de producci\u00f3n. No hay coherencia en cuanto a la asignaci\u00f3n de cupos. Y lo repito: necesitamos una producci\u00f3n m\u00ednima para ser sustentables y para hacer una empresa con proyecci\u00f3n a futuro. Y no podemos esperar que eso se resuelva luego de 180 d\u00edas.<\/p>\n\n\n\n<p><strong>&#8211; \u00bfHan tenido nuevos contactos con funcionarios provinciales por la reglamentaci\u00f3n del decreto nacional ? \u00bfLas empresas santafesinas se sienten acompa\u00f1adas por la Provincia en este tema ?<\/strong><\/p>\n\n\n\n<p>&#8211; El contacto con los funcionarios de la Provincia es permanente. Ellos conocen la problem\u00e1tica nuestra, saben lo que nos ha costado transitar todo ese proceso y lo que hemos batallado para que haya un marco legal diferente. Ahora pedimos un marco regulatorio que nos contemple. Los funcionarios entienden que necesitamos del apoyo permanente de la Provincia y que sea una verdadera pol\u00edtica de Estado. Es lo que necesita todo el sector productivo. Creo que est\u00e1 m\u00e1s que claro, e incluso el gobernador ha manifestado tambi\u00e9n en el D\u00eda de la Industria que la producci\u00f3n es esencial. Y nuestro presidente y nuestras representaciones han reclamado certezas para el biodi\u00e9sel en todos los foros y las instancias en las que se ha hablado sobre las pol\u00edticas nacionales para los biocombustibles.<\/p>\n\n\n\n<p>Nosotros hemos reclamado por el apoyo de la provincia y de los funcionarios lo tenemos. Despu\u00e9s bueno los resultados no son lo que nosotros estamos necesitando y los plazos se van alargando&#8230; pero bueno a la problem\u00e1tica los funcionarios de la provincia la conocen. Yo dir\u00eda que han llegado hasta donde han podido.<\/p>\n\n\n\n<p><strong>&#8211; Acaso no fallen los funcionarios provinciales, sino su nivel pol\u00edtico.<\/strong><\/p>\n\n\n\n<p>-Es lo que estoy intentando decir. Creo que el funcionario provincial llega hasta un cierto nivel de decisi\u00f3n y despu\u00e9s uno se encuentra que hay instancias nacionales a las que directamente es muy dif\u00edcil acceder. Una es la Secretar\u00eda de Energ\u00eda de la Naci\u00f3n, que tiene una libertad para resolver cuestiones que terminan afectando a empresas de la provincia de Santa Fe. Ah\u00ed es donde nosotros tenemos que hacernos fuertes para defender los intereses provinciales. Tal como lo hacen las otras provincias. Ac\u00e1 hay que defender los intereses del biodi\u00e9sel y entender que hay que defenderlo porque un recurso santafesino. F\u00edjese que las provincias petroleras defienden los intereses petroleros, las provincias que tienen producci\u00f3n de bioetanol de ca\u00f1a o bioetanol de ma\u00edz, como Tucum\u00e1n o C\u00f3rdoba, hacen lo mismo. Y en cambio nosotros, por ah\u00ed estamos un poco relegados no tenemos lo mismo. Los santafesinos tenemos que defender a la gente que produce la soja y que le agrega valor a la producci\u00f3n sojera. Es un recurso provincial valios\u00edsimo. Lo venimos diciendo desde siempre: el biodi\u00e9sel aporta trabajo, movimiento econ\u00f3mico a localidades que de otra forma no tendr\u00edan ninguna actividad industrial.<\/p>\n\n\n\n<p><strong>&#8211; Parece dif\u00edcil poder corregir en la reglamentaci\u00f3n por v\u00eda de un decreto, lo que ya est\u00e1 en la nueva ley, ojal\u00e1 lo consigan.<\/strong><\/p>\n\n\n\n<p>&#8211; No tenemos que bajar los brazos.<\/p>\n","protected":false},"excerpt":{"rendered":"<p>Marcelo Kusznierz, de la C\u00e1mara de Biocombustibles de la Uni\u00f3n Industrial santafesina, sostuvo que el decreto reglamentario perjudica abiertamente los intereses de las empresas de la provincia. \u00abLa realidad es que nosotros no podemos esperar 180 d\u00edas\u00bb, dijo en referencia la plazo que dispuso la norma para lograr una reglamentaci\u00f3n definitiva. Luis Rodrigo | campo@ellitoral.com [&hellip;]<\/p>\n","protected":false},"author":5,"featured_media":19784,"comment_status":"open","ping_status":"open","sticky":false,"template":"","format":"standard","meta":[],"categories":[42],"tags":[],"_links":{"self":[{"href":"http:\/\/rurallascolonias.com.ar\/index.php?rest_route=\/wp\/v2\/posts\/19782"}],"collection":[{"href":"http:\/\/rurallascolonias.com.ar\/index.php?rest_route=\/wp\/v2\/posts"}],"about":[{"href":"http:\/\/rurallascolonias.com.ar\/index.php?rest_route=\/wp\/v2\/types\/post"}],"author":[{"embeddable":true,"href":"http:\/\/rurallascolonias.com.ar\/index.php?rest_route=\/wp\/v2\/users\/5"}],"replies":[{"embeddable":true,"href":"http:\/\/rurallascolonias.com.ar\/index.php?rest_route=%2Fwp%2Fv2%2Fcomments&post=19782"}],"version-history":[{"count":1,"href":"http:\/\/rurallascolonias.com.ar\/index.php?rest_route=\/wp\/v2\/posts\/19782\/revisions"}],"predecessor-version":[{"id":19785,"href":"http:\/\/rurallascolonias.com.ar\/index.php?rest_route=\/wp\/v2\/posts\/19782\/revisions\/19785"}],"wp:featuredmedia":[{"embeddable":true,"href":"http:\/\/rurallascolonias.com.ar\/index.php?rest_route=\/wp\/v2\/media\/19784"}],"wp:attachment":[{"href":"http:\/\/rurallascolonias.com.ar\/index.php?rest_route=%2Fwp%2Fv2%2Fmedia&parent=19782"}],"wp:term":[{"taxonomy":"category","embeddable":true,"href":"http:\/\/rurallascolonias.com.ar\/index.php?rest_route=%2Fwp%2Fv2%2Fcategories&post=19782"},{"taxonomy":"post_tag","embeddable":true,"href":"http:\/\/rurallascolonias.com.ar\/index.php?rest_route=%2Fwp%2Fv2%2Ftags&post=19782"}],"curies":[{"name":"wp","href":"https:\/\/api.w.org\/{rel}","templated":true}]}}