{"id":19774,"date":"2021-10-13T12:28:26","date_gmt":"2021-10-13T12:28:26","guid":{"rendered":"http:\/\/rurallascolonias.com.ar\/?p=19774"},"modified":"2021-10-13T12:28:27","modified_gmt":"2021-10-13T12:28:27","slug":"las-colonias-campana-de-vacunacion-contra-la-fiebre-aftosa","status":"publish","type":"post","link":"http:\/\/rurallascolonias.com.ar\/?p=19774","title":{"rendered":"LAS COLONIAS: CAMPA\u00d1A DE VACUNACI\u00d3N CONTRA LA FIEBRE AFTOSA"},"content":{"rendered":"\n<p>Se trata de una acci\u00f3n sanitaria indispensable para resguardar la inmunidad de la ganader\u00eda argentina<\/p>\n\n\n\n<p><\/p>\n\n\n\n<p>La Fundaci\u00f3n Las Colonias informa del inicio de campa\u00f1a de vacunaci\u00f3n contra la fiebre aftosa.<\/p>\n\n\n\n<p>La misma se realiza desde el d\u00eda 11\/10\/21 y se extender\u00e1 por 45 d\u00edas.<\/p>\n\n\n\n<p>En esta oportunidad se vacunan las categor\u00edas menores (las vacas y los toros no se vacunan).<\/p>\n\n\n\n<p>En los casos que a\u00fan no hayan vacunado contra carbunclo, tambi\u00e9n deber\u00e1n hacerlo en esta oportunidad.<\/p>\n\n\n\n<p>Recomendamos comunicarse con su veterinario.<\/p>\n\n\n\n<p>Fundaci\u00f3n Las Colonias<\/p>\n\n\n\n<p><\/p>\n\n\n\n<p><\/p>\n\n\n\n<p><\/p>\n","protected":false},"excerpt":{"rendered":"<p>Se trata de una acci\u00f3n sanitaria indispensable para resguardar la inmunidad de la ganader\u00eda argentina La Fundaci\u00f3n Las Colonias informa del inicio de campa\u00f1a de vacunaci\u00f3n contra la fiebre aftosa. La misma se realiza desde el d\u00eda 11\/10\/21 y se extender\u00e1 por 45 d\u00edas. En esta oportunidad se vacunan las categor\u00edas menores (las vacas y [&hellip;]<\/p>\n","protected":false},"author":5,"featured_media":8307,"comment_status":"open","ping_status":"open","sticky":false,"template":"","format":"standard","meta":[],"categories":[1],"tags":[],"_links":{"self":[{"href":"http:\/\/rurallascolonias.com.ar\/index.php?rest_route=\/wp\/v2\/posts\/19774"}],"collection":[{"href":"http:\/\/rurallascolonias.com.ar\/index.php?rest_route=\/wp\/v2\/posts"}],"about":[{"href":"http:\/\/rurallascolonias.com.ar\/index.php?rest_route=\/wp\/v2\/types\/post"}],"author":[{"embeddable":true,"href":"http:\/\/rurallascolonias.com.ar\/index.php?rest_route=\/wp\/v2\/users\/5"}],"replies":[{"embeddable":true,"href":"http:\/\/rurallascolonias.com.ar\/index.php?rest_route=%2Fwp%2Fv2%2Fcomments&post=19774"}],"version-history":[{"count":1,"href":"http:\/\/rurallascolonias.com.ar\/index.php?rest_route=\/wp\/v2\/posts\/19774\/revisions"}],"predecessor-version":[{"id":19775,"href":"http:\/\/rurallascolonias.com.ar\/index.php?rest_route=\/wp\/v2\/posts\/19774\/revisions\/19775"}],"wp:featuredmedia":[{"embeddable":true,"href":"http:\/\/rurallascolonias.com.ar\/index.php?rest_route=\/wp\/v2\/media\/8307"}],"wp:attachment":[{"href":"http:\/\/rurallascolonias.com.ar\/index.php?rest_route=%2Fwp%2Fv2%2Fmedia&parent=19774"}],"wp:term":[{"taxonomy":"category","embeddable":true,"href":"http:\/\/rurallascolonias.com.ar\/index.php?rest_route=%2Fwp%2Fv2%2Fcategories&post=19774"},{"taxonomy":"post_tag","embeddable":true,"href":"http:\/\/rurallascolonias.com.ar\/index.php?rest_route=%2Fwp%2Fv2%2Ftags&post=19774"}],"curies":[{"name":"wp","href":"https:\/\/api.w.org\/{rel}","templated":true}]}}