{"id":19756,"date":"2021-10-01T20:16:05","date_gmt":"2021-10-01T20:16:05","guid":{"rendered":"http:\/\/rurallascolonias.com.ar\/?p=19756"},"modified":"2021-10-01T20:16:05","modified_gmt":"2021-10-01T20:16:05","slug":"frigorificos-santafesinos-faenan-casi-10-menos-que-hace-un-ano","status":"publish","type":"post","link":"http:\/\/rurallascolonias.com.ar\/?p=19756","title":{"rendered":"FRIGOR\u00cdFICOS SANTAFESINOS FAENAN CASI 10% MENOS QUE HACE UN A\u00d1O"},"content":{"rendered":"\n<p>El dato surge del \u00cdndice Compuesto de Actividad Econ\u00f3mica (ICASFe) que elabora la Bolsa de Comercio de Santa Fe. El sacrificio de bovinos y porcinos fue la \u00fanica serie que experiment\u00f3 una tasa negativa interanual en julio<\/p>\n\n\n\n<p>\u00abEl segmento bovino fue el m\u00e1s afectado; luego de la incipiente recuperaci\u00f3n registrada en los primeros meses del a\u00f1o, el indicador revirti\u00f3 el sentido a partir del mes de mayo\u00bb, indica el Centro de Estudios y Servicios de la Bolsa de Comercio de Santa Fe en su informe de Actividad Econ\u00f3mica de la Provincia (ICASFe) con los datos de julio.<\/p>\n\n\n\n<p>Ese mes, en relaci\u00f3n a junio, los sectores con variaciones negativas son: producci\u00f3n l\u00e1ctea, -0,2%; recursos tributarios, -0,3%; el consumo de energ\u00eda industrial, -0,3%; la faena de ganado bovino y porcino, -0,4%; el consumo de cemento, -0,8%; el consumo de hidrocarburos para la agroindustria y el transporte, -0,9%; la molienda de oleaginosas, -3,3% y el patentamiento de autos nuevos, -4,2%<\/p>\n\n\n\n<p>Entre otras consideraciones, el informe destaca que la faena de ganado bovino y porcino se contrajo el 0,4% con respecto de junio, y un 8,3% en t\u00e9rminos interanuales, siendo la \u00fanica serie que experiment\u00f3 una tasa negativa interanual en julio.<\/p>\n\n\n\n<p>Las series con comportamientos positivos fueron las siguientes: demanda laboral, 1,1%, remuneraciones reales, 0,6%; puestos de trabajo, 0,4%; consumo de gas industrial, 0,4%; venta de maquinarias agr\u00edcolas, 0,3% y ventas en supermercados, 0,3%.<\/p>\n\n\n\n<p>Al tomar el conjunto de toda la actividad econ\u00f3mica santafesina, el reporte destaca que experiment\u00f3 una leve baja mensual de -0,1% en relaci\u00f3n a junio.&nbsp;<\/p>\n\n\n\n<p>Con este resultado, el incremento acumulado durante los primeros siete meses del a\u00f1o, se redujo a 1,4%. La tasa interanual de actividad econ\u00f3mica julio 2021\/versus julio de 2020, fue de 5,4%.<\/p>\n\n\n\n<p>En cuanto a la s\u00edntesis y perspectivas, el CES se\u00f1ala que \u00abla variaci\u00f3n interanual del ICASFe pas\u00f3 de 8,5 a 5,4% entre abril y julio de 2021. Esta transici\u00f3n se explica como resultado de un buen inicio en el primer trimestre del a\u00f1o seguido de cuatro per\u00edodos mensuales de contracciones leves (abril-julio).&nbsp;<\/p>\n\n\n\n<p>\u00abEn este sentido, respecto al piso que toc\u00f3 la actividad en abril de 2020, la econom\u00eda logr\u00f3 una significativa recuperaci\u00f3n durante los primeros 12 meses, y luego comenz\u00f3 a perder impulso. Como factor explicativo, los indicadores m\u00e1s afectados son los representativos de la inversi\u00f3n en bienes durables (construcci\u00f3n y patentamiento de nuevos veh\u00edculos), a los que se han sumado algunas variables del sector agroindustrial.&nbsp;<\/p>\n\n\n\n<p>\u00abA partir de agosto se redujeron las restricciones a la circulaci\u00f3n propias del contexto de pandemia, pero persiste un desfavorable contexto macroecon\u00f3mico. En este sentido, las pr\u00f3ximas mediciones ser\u00e1n clave para determinar el desenvolvimiento de la actual fase expansiva que, a quince meses de su inicio, est\u00e1 perdiendo fuerza y parece alejarse de la posibilidad de dar inicio a una senda de crecimiento m\u00e1s sostenida\u00bb.<\/p>\n\n\n\n<p>Fuente: Campolitoral<\/p>\n\n\n\n<p><\/p>\n","protected":false},"excerpt":{"rendered":"<p>El dato surge del \u00cdndice Compuesto de Actividad Econ\u00f3mica (ICASFe) que elabora la Bolsa de Comercio de Santa Fe. El sacrificio de bovinos y porcinos fue la \u00fanica serie que experiment\u00f3 una tasa negativa interanual en julio \u00abEl segmento bovino fue el m\u00e1s afectado; luego de la incipiente recuperaci\u00f3n registrada en los primeros meses del [&hellip;]<\/p>\n","protected":false},"author":5,"featured_media":10961,"comment_status":"open","ping_status":"open","sticky":false,"template":"","format":"standard","meta":[],"categories":[1],"tags":[],"_links":{"self":[{"href":"http:\/\/rurallascolonias.com.ar\/index.php?rest_route=\/wp\/v2\/posts\/19756"}],"collection":[{"href":"http:\/\/rurallascolonias.com.ar\/index.php?rest_route=\/wp\/v2\/posts"}],"about":[{"href":"http:\/\/rurallascolonias.com.ar\/index.php?rest_route=\/wp\/v2\/types\/post"}],"author":[{"embeddable":true,"href":"http:\/\/rurallascolonias.com.ar\/index.php?rest_route=\/wp\/v2\/users\/5"}],"replies":[{"embeddable":true,"href":"http:\/\/rurallascolonias.com.ar\/index.php?rest_route=%2Fwp%2Fv2%2Fcomments&post=19756"}],"version-history":[{"count":1,"href":"http:\/\/rurallascolonias.com.ar\/index.php?rest_route=\/wp\/v2\/posts\/19756\/revisions"}],"predecessor-version":[{"id":19758,"href":"http:\/\/rurallascolonias.com.ar\/index.php?rest_route=\/wp\/v2\/posts\/19756\/revisions\/19758"}],"wp:featuredmedia":[{"embeddable":true,"href":"http:\/\/rurallascolonias.com.ar\/index.php?rest_route=\/wp\/v2\/media\/10961"}],"wp:attachment":[{"href":"http:\/\/rurallascolonias.com.ar\/index.php?rest_route=%2Fwp%2Fv2%2Fmedia&parent=19756"}],"wp:term":[{"taxonomy":"category","embeddable":true,"href":"http:\/\/rurallascolonias.com.ar\/index.php?rest_route=%2Fwp%2Fv2%2Fcategories&post=19756"},{"taxonomy":"post_tag","embeddable":true,"href":"http:\/\/rurallascolonias.com.ar\/index.php?rest_route=%2Fwp%2Fv2%2Ftags&post=19756"}],"curies":[{"name":"wp","href":"https:\/\/api.w.org\/{rel}","templated":true}]}}