{"id":19753,"date":"2021-10-01T20:09:55","date_gmt":"2021-10-01T20:09:55","guid":{"rendered":"http:\/\/rurallascolonias.com.ar\/?p=19753"},"modified":"2021-10-01T20:10:25","modified_gmt":"2021-10-01T20:10:25","slug":"pronostico-del-tiempo-como-sera-octubre-y-cuando-llegarian-las-lluvias","status":"publish","type":"post","link":"http:\/\/rurallascolonias.com.ar\/?p=19753","title":{"rendered":"PRON\u00d3STICO DEL TIEMPO: C\u00d3MO SER\u00c1 OCTUBRE Y CU\u00c1NDO LLEGAR\u00cdAN LAS LLUVIAS"},"content":{"rendered":"\n<p>Durante el fin de semana habr\u00e1 inestabilidad y a partir del lunes regresar\u00eda el fr\u00edo<\/p>\n\n\n\n<p>El tiempo mejor\u00f3 en forma temporaria. Se espera que la<strong>&nbsp;perturbaci\u00f3n que se observa frente a las costas del sur de Chile<\/strong>, avance durante el fin de semana sobre la regi\u00f3n pampeana.&nbsp;<\/p>\n\n\n\n<p><a href=\"https:\/\/news.agrofy.com.ar\/pronostico-clima-tiempo\" target=\"_blank\" rel=\"noreferrer noopener\">Ver pron\u00f3stico del tiempo<\/a><\/p>\n\n\n\n<p>En general este avance se traducir\u00e1 mayormente en coberturas nubosas, en todo caso,<strong>\u00a0ocasionalmente acompa\u00f1adas por lluvias d\u00e9biles.<\/strong>\u00a0Es decir, el arranque de octubre, mantiene el patr\u00f3n que dej\u00f3 septiembre.<\/p>\n\n\n\n<p>A partir del lunes ingresar\u00e1 aire m\u00e1s fr\u00edo y seco provocando un fuerte descenso t\u00e9rmico que\u00a0<strong>podr\u00eda generar algunas heladas aisladas<\/strong>, especialmente sobre el sur y oeste de la zona n\u00facleo.<\/p>\n\n\n\n<h3>Lluvias<\/h3>\n\n\n\n<p>Paralelamente, tendr\u00e1 lugar el paso de un frente con actividad irregular, produciendo precipitaciones moderadas a abundantes sobre el nordeste y el sur del \u00e1rea agr\u00edcola y valores escasos sobre la mayor parte del resto.<\/p>\n\n\n\n<h3>Temperaturas m\u00ednimas<\/h3>\n\n\n\n<p>Junto con el paso del frente, comenzar\u00e1 la entrada de vientos del sur, que se extender\u00e1n sobre la mayor parte del \u00e1rea agr\u00edcola, aunque sin alcanzar su porci\u00f3n centro-norte. Las zonas serranas del oeste, el sur de la Regi\u00f3n Pampeana y gran parte del Uruguay observar\u00e1n el riesgo de heladas localizadas.<\/p>\n\n\n\n<h2>Pron\u00f3stico semana del 7 al 13 de octubre&nbsp;&nbsp;<\/h2>\n\n\n\n<h3>Lluvias<\/h3>\n\n\n\n<p>Al comienzo de la segunda etapa de la perspectiva, se completar\u00e1 el paso del frente que hizo su entrada en la etapa anterior, produciendo precipitaciones moderadas a abundantes sobre el extremo nordeste del \u00e1rea agr\u00edcola. Por su parte, habr\u00e1 registros escasos sobre la mayor parte del resto, a excepci\u00f3n de un foco aislado de precipitaciones abundantes sobre el sur de C\u00f3rdoba y zonas adyacentes.<\/p>\n\n\n\n<h3>Temperaturas m\u00ednimas<\/h3>\n\n\n\n<p>Junto con el final del paso del frente, los vientos del sur completar\u00e1n su recorrido, extendi\u00e9ndose sobre la mayor parte del \u00e1rea agr\u00edcola, causando heladas locales y generales en todo el oeste y el sur de su extensi\u00f3n.<\/p>\n\n\n\n<h3>Temperaturas m\u00e1ximas<\/h3>\n\n\n\n<p>El proceso terminar\u00e1 con el retorno de los vientos del tr\u00f3pico que provocar\u00e1n temperaturas m\u00e1ximas superiores a lo normal en la mayor parte del \u00e1rea agr\u00edcola, a excepci\u00f3n del litoral atl\u00e1ntico, que recibir\u00e1 vientos marinos que mitigar\u00e1n los registros.<\/p>\n\n\n\n<p>Por\u00a0Agrofy News<\/p>\n","protected":false},"excerpt":{"rendered":"<p>Durante el fin de semana habr\u00e1 inestabilidad y a partir del lunes regresar\u00eda el fr\u00edo El tiempo mejor\u00f3 en forma temporaria. Se espera que la&nbsp;perturbaci\u00f3n que se observa frente a las costas del sur de Chile, avance durante el fin de semana sobre la regi\u00f3n pampeana.&nbsp; Ver pron\u00f3stico del tiempo En general este avance se [&hellip;]<\/p>\n","protected":false},"author":5,"featured_media":19754,"comment_status":"open","ping_status":"open","sticky":false,"template":"","format":"standard","meta":[],"categories":[1],"tags":[],"_links":{"self":[{"href":"http:\/\/rurallascolonias.com.ar\/index.php?rest_route=\/wp\/v2\/posts\/19753"}],"collection":[{"href":"http:\/\/rurallascolonias.com.ar\/index.php?rest_route=\/wp\/v2\/posts"}],"about":[{"href":"http:\/\/rurallascolonias.com.ar\/index.php?rest_route=\/wp\/v2\/types\/post"}],"author":[{"embeddable":true,"href":"http:\/\/rurallascolonias.com.ar\/index.php?rest_route=\/wp\/v2\/users\/5"}],"replies":[{"embeddable":true,"href":"http:\/\/rurallascolonias.com.ar\/index.php?rest_route=%2Fwp%2Fv2%2Fcomments&post=19753"}],"version-history":[{"count":1,"href":"http:\/\/rurallascolonias.com.ar\/index.php?rest_route=\/wp\/v2\/posts\/19753\/revisions"}],"predecessor-version":[{"id":19755,"href":"http:\/\/rurallascolonias.com.ar\/index.php?rest_route=\/wp\/v2\/posts\/19753\/revisions\/19755"}],"wp:featuredmedia":[{"embeddable":true,"href":"http:\/\/rurallascolonias.com.ar\/index.php?rest_route=\/wp\/v2\/media\/19754"}],"wp:attachment":[{"href":"http:\/\/rurallascolonias.com.ar\/index.php?rest_route=%2Fwp%2Fv2%2Fmedia&parent=19753"}],"wp:term":[{"taxonomy":"category","embeddable":true,"href":"http:\/\/rurallascolonias.com.ar\/index.php?rest_route=%2Fwp%2Fv2%2Fcategories&post=19753"},{"taxonomy":"post_tag","embeddable":true,"href":"http:\/\/rurallascolonias.com.ar\/index.php?rest_route=%2Fwp%2Fv2%2Ftags&post=19753"}],"curies":[{"name":"wp","href":"https:\/\/api.w.org\/{rel}","templated":true}]}}