{"id":19677,"date":"2021-07-20T10:06:23","date_gmt":"2021-07-20T10:06:23","guid":{"rendered":"http:\/\/rurallascolonias.com.ar\/?p=19677"},"modified":"2021-07-20T12:15:14","modified_gmt":"2021-07-20T12:15:14","slug":"otra-vez-la-nina-se-afianza-el-pronostico-para-primavera-verano","status":"publish","type":"post","link":"http:\/\/rurallascolonias.com.ar\/?p=19677","title":{"rendered":"OTRA VEZ LA NI\u00d1A: SE AFIANZA EL PRON\u00d3STICO PARA PRIMAVERA VERANO"},"content":{"rendered":"<p><strong><em><a href=\"http:\/\/rurallascolonias.com.ar\/?attachment_id=19678\" rel=\"attachment wp-att-19678\"><img loading=\"lazy\" class=\"aligncenter size-full wp-image-19678\" src=\"http:\/\/rurallascolonias.com.ar\/wp-content\/uploads\/2021\/07\/la-ni\u00f1a.jpg\" alt=\"\" width=\"310\" height=\"163\" srcset=\"http:\/\/rurallascolonias.com.ar\/wp-content\/uploads\/2021\/07\/la-ni\u00f1a.jpg 310w, http:\/\/rurallascolonias.com.ar\/wp-content\/uploads\/2021\/07\/la-ni\u00f1a-300x158.jpg 300w\" sizes=\"(max-width: 310px) 100vw, 310px\" \/><\/a>La tendencia muestra un enfriamiento del Pac\u00edfico ecuatorial y s\u00f3lo quedar\u00eda por definir con qu\u00e9 intensidad se producir\u00eda. La campa\u00f1a agr\u00edcola en curso podr\u00eda tener similares caracter\u00edsticas a la anterior<\/em><\/strong><!--more--><\/p>\n<div id=\"contenido-nota\">\n<div class=\"col-12\">\n<div id=\"cuerpo\" class=\"\">\n<div id=\"texto_tpl6\" class=\"texto col-sm-12\">\n<p>\u00abHoy en d\u00eda estamos bajo condiciones neutrales y en las proyecciones se observa un enfriamiento en el Pac\u00edfico\u00bb, sostuvo el especialista Leonardo De Benedictis durante una charla online organizada por la Sociedad Rural de San Carlos.<\/p>\n<p>El gr\u00e1fico del servicio meteorol\u00f3gico de Australia que utiliz\u00f3 el especialista muestra claramente como las proyecciones entran decididamente en \u00abzona de La Ni\u00f1a\u00bb a partir del mes de septiembre.<\/p>\n<p>\u00abTodos los modelos est\u00e1n viendo que a partir de agosto se va a ver un enfriamiento importante en la zona el Pac\u00edfico; la actualizaci\u00f3n es cada 15 d\u00edas y hay variantes, pero siempre viendo un enfriamiento\u00bb, remarc\u00f3. \u00abLo que est\u00e1 en duda es cu\u00e1nto va a ser ese enfriamiento; si lo suficientemente fuerte para Ni\u00f1a en primavera verano o que quede en zona neutral\u00bb, complement\u00f3. De todas formas sostuvo que \u00abtodos coinciden en que el Pac\u00edfico se va a ir enfriando hacia evento La Ni\u00f1a\u00bb.<\/p>\n<div><iframe loading=\"lazy\" title=\"Leonardo De Benedictis: pron\u00f3stico La Ni\u00f1a\" src=\"https:\/\/cdn.jwplayer.com\/players\/2ZQMxMme-zYhbvUBj.html\" width=\"100%\" height=\"100%\" frameborder=\"0\" scrolling=\"auto\" allowfullscreen=\"allowfullscreen\" data-mce-fragment=\"1\"><\/iframe><\/div>\n<p>Luego, con otro gr\u00e1fico mostr\u00f3 las probabilidades de ir hacia una temporada Ni\u00f1a o Neutral. \u00abLo que se puede ver es que estamos a m\u00e1s del 65\/70% de probabilidad de que el pr\u00f3ximo verano estemos bajo condiciones de La Ni\u00f1a\u00bb, indic\u00f3 mientras proyect\u00f3 un cuadro de barras.<\/p>\n<p>\u00abEn t\u00e9rminos generales, y m\u00e1s all\u00e1 de que no hay dos a\u00f1os iguales, se repiten las caracter\u00edsticas de la campa\u00f1a anterior; es decir: err\u00e1tica, con lluvias puntuales, no tan generalizadas; cuando caen son contundentes pero en \u00e1reas peque\u00f1as\u00bb, ampli\u00f3.<\/p>\n<p>Por ahora, se espera que el invierno siga Neutral, por lo que las lluvias de la semana pasada -poco frecuentes- fueron muy positivas, porque se recarga el perfil. \u00abCargando el combustible al suelo y a medida que pueda avanzar la Ni\u00f1a se afronten las dificultades en los diferentes meses\u00bb, valor\u00f3 el meteor\u00f3logo.<\/p>\n<p>Fuente: Campolitoral<\/p>\n<div class=\"col-sm-12\"><\/div>\n<\/div>\n<\/div>\n<\/div>\n<\/div>\n<header><\/header>\n","protected":false},"excerpt":{"rendered":"<p>La tendencia muestra un enfriamiento del Pac\u00edfico ecuatorial y s\u00f3lo quedar\u00eda por definir con qu\u00e9 intensidad se producir\u00eda. La campa\u00f1a agr\u00edcola en curso podr\u00eda tener similares caracter\u00edsticas a la anterior<\/p>\n","protected":false},"author":5,"featured_media":0,"comment_status":"open","ping_status":"open","sticky":false,"template":"","format":"standard","meta":[],"categories":[40],"tags":[2717,4433],"_links":{"self":[{"href":"http:\/\/rurallascolonias.com.ar\/index.php?rest_route=\/wp\/v2\/posts\/19677"}],"collection":[{"href":"http:\/\/rurallascolonias.com.ar\/index.php?rest_route=\/wp\/v2\/posts"}],"about":[{"href":"http:\/\/rurallascolonias.com.ar\/index.php?rest_route=\/wp\/v2\/types\/post"}],"author":[{"embeddable":true,"href":"http:\/\/rurallascolonias.com.ar\/index.php?rest_route=\/wp\/v2\/users\/5"}],"replies":[{"embeddable":true,"href":"http:\/\/rurallascolonias.com.ar\/index.php?rest_route=%2Fwp%2Fv2%2Fcomments&post=19677"}],"version-history":[{"count":1,"href":"http:\/\/rurallascolonias.com.ar\/index.php?rest_route=\/wp\/v2\/posts\/19677\/revisions"}],"predecessor-version":[{"id":19679,"href":"http:\/\/rurallascolonias.com.ar\/index.php?rest_route=\/wp\/v2\/posts\/19677\/revisions\/19679"}],"wp:attachment":[{"href":"http:\/\/rurallascolonias.com.ar\/index.php?rest_route=%2Fwp%2Fv2%2Fmedia&parent=19677"}],"wp:term":[{"taxonomy":"category","embeddable":true,"href":"http:\/\/rurallascolonias.com.ar\/index.php?rest_route=%2Fwp%2Fv2%2Fcategories&post=19677"},{"taxonomy":"post_tag","embeddable":true,"href":"http:\/\/rurallascolonias.com.ar\/index.php?rest_route=%2Fwp%2Fv2%2Ftags&post=19677"}],"curies":[{"name":"wp","href":"https:\/\/api.w.org\/{rel}","templated":true}]}}