{"id":19626,"date":"2021-06-11T20:56:07","date_gmt":"2021-06-11T20:56:07","guid":{"rendered":"http:\/\/rurallascolonias.com.ar\/?p=19626"},"modified":"2021-06-11T20:56:07","modified_gmt":"2021-06-11T20:56:07","slug":"la-mesa-de-enlace-de-santa-fe-con-ministros-provinciales","status":"publish","type":"post","link":"http:\/\/rurallascolonias.com.ar\/?p=19626","title":{"rendered":"LA MESA DE ENLACE DE SANTA FE CON MINISTROS PROVINCIALES"},"content":{"rendered":"<p><em><strong><a href=\"http:\/\/rurallascolonias.com.ar\/?attachment_id=19627\" rel=\"attachment wp-att-19627\"><img loading=\"lazy\" class=\"aligncenter size-full wp-image-19627\" src=\"http:\/\/rurallascolonias.com.ar\/wp-content\/uploads\/2021\/06\/mesa-de-enlace.jpg\" alt=\"\" width=\"288\" height=\"175\" \/><\/a>Las cuatro entidades que representan a productores agropecuarios de la provincia de Santa Fe se reunieron ayer con el ministro de Producci\u00f3n, Ciencia y Tecnolog\u00eda de Santa Fe, Daniel Costamagna, y su par cordob\u00e9s, Sergio Busso, con quienes analizaron los efectos nefastos del cierre exportador<\/strong><\/em><!--more--><\/p>\n<p>El motivo de la reuni\u00f3n fue analizar el impacto del cierre de las exportaciones de carne dispuesto por el Ministerio de Agricultura, Ganader\u00eda y Pesca de la Naci\u00f3n, y las acciones a realizar al respecto.<\/p>\n<p>Por la relevancia que tiene la ganader\u00eda en las provincias y por la incidencia socioecon\u00f3mica de toda la cadena de la carne, los presentes afirmaron que la medida adoptada por el Gobierno Nacional atenta contra la producci\u00f3n, contra el empleo genuino, contra las inversiones, frena la generaci\u00f3n de divisas y principalmente compromete el arraigo y el desarrollo local.<\/p>\n<p>En una gacetilla dada a conocer a los medios en el d\u00eda de hoy, destacaron que \u00ablas autoridades presentes han sostenido que la medida del Gobierno Nacional implica un abordaje equivocado de la problem\u00e1tica de la carne, siendo una medida totalmente desacertada cuando en realidad lo que se necesita es incrementar la producci\u00f3n de carnes, bajo un marco de previsibilidad mediante pol\u00edticas a largo plazo\u00bb.<\/p>\n<p><b>Ambos Ministros afirmaron que no se puede planificar ni estimular un aumento de producci\u00f3n de carnes para proveer tanto al mercado interno como al externo con las exportaciones cerradas, siendo imperioso la apertura de las mismas.<\/b>\u00a0En ese sentido, tanto las entidades y los Ministros asumieron el compromiso de procurar la apertura de las exportaciones a la mayor brevedad posible.<\/p>\n<p>Asistieron por CARSFE Carlos Castagnani, Ignacio M\u00e1ntaras y Sara Gardiol, por CONINAGRO Laura Llopi, Marcelo Braidot y Lucas Magnano; por FAA Marcelo Banchi y Omar Barchetta; y por SRA Ricardo Firpo, Guillermo Cullen y Marina Massat.<\/p>\n<p>Fuente: Campolitoral<\/p>\n","protected":false},"excerpt":{"rendered":"<p>Las cuatro entidades que representan a productores agropecuarios de la provincia de Santa Fe se reunieron ayer con el ministro de Producci\u00f3n, Ciencia y Tecnolog\u00eda de Santa Fe, Daniel Costamagna, y su par cordob\u00e9s, Sergio Busso, con quienes analizaron los efectos nefastos del cierre exportador<\/p>\n","protected":false},"author":5,"featured_media":0,"comment_status":"open","ping_status":"open","sticky":false,"template":"","format":"standard","meta":[],"categories":[33,1393],"tags":[34,4423],"_links":{"self":[{"href":"http:\/\/rurallascolonias.com.ar\/index.php?rest_route=\/wp\/v2\/posts\/19626"}],"collection":[{"href":"http:\/\/rurallascolonias.com.ar\/index.php?rest_route=\/wp\/v2\/posts"}],"about":[{"href":"http:\/\/rurallascolonias.com.ar\/index.php?rest_route=\/wp\/v2\/types\/post"}],"author":[{"embeddable":true,"href":"http:\/\/rurallascolonias.com.ar\/index.php?rest_route=\/wp\/v2\/users\/5"}],"replies":[{"embeddable":true,"href":"http:\/\/rurallascolonias.com.ar\/index.php?rest_route=%2Fwp%2Fv2%2Fcomments&post=19626"}],"version-history":[{"count":1,"href":"http:\/\/rurallascolonias.com.ar\/index.php?rest_route=\/wp\/v2\/posts\/19626\/revisions"}],"predecessor-version":[{"id":19628,"href":"http:\/\/rurallascolonias.com.ar\/index.php?rest_route=\/wp\/v2\/posts\/19626\/revisions\/19628"}],"wp:attachment":[{"href":"http:\/\/rurallascolonias.com.ar\/index.php?rest_route=%2Fwp%2Fv2%2Fmedia&parent=19626"}],"wp:term":[{"taxonomy":"category","embeddable":true,"href":"http:\/\/rurallascolonias.com.ar\/index.php?rest_route=%2Fwp%2Fv2%2Fcategories&post=19626"},{"taxonomy":"post_tag","embeddable":true,"href":"http:\/\/rurallascolonias.com.ar\/index.php?rest_route=%2Fwp%2Fv2%2Ftags&post=19626"}],"curies":[{"name":"wp","href":"https:\/\/api.w.org\/{rel}","templated":true}]}}