{"id":19619,"date":"2021-06-10T14:27:45","date_gmt":"2021-06-10T14:27:45","guid":{"rendered":"http:\/\/rurallascolonias.com.ar\/?p=19619"},"modified":"2021-06-10T14:27:45","modified_gmt":"2021-06-10T14:27:45","slug":"costamagna-en-diputados-que-dijo-sobre-el-cepo-carnico-y-la-hidrovia","status":"publish","type":"post","link":"http:\/\/rurallascolonias.com.ar\/?p=19619","title":{"rendered":"COSTAMAGNA EN DIPUTADOS: QU\u00c9 DIJO SOBRE EL CEPO C\u00c1RNICO Y LA HIDROV\u00cdA"},"content":{"rendered":"<p><em><strong><a href=\"http:\/\/rurallascolonias.com.ar\/?attachment_id=19620\" rel=\"attachment wp-att-19620\"><img loading=\"lazy\" class=\"aligncenter size-full wp-image-19620\" src=\"http:\/\/rurallascolonias.com.ar\/wp-content\/uploads\/2021\/06\/costamagna.jpg\" alt=\"\" width=\"310\" height=\"163\" srcset=\"http:\/\/rurallascolonias.com.ar\/wp-content\/uploads\/2021\/06\/costamagna.jpg 310w, http:\/\/rurallascolonias.com.ar\/wp-content\/uploads\/2021\/06\/costamagna-300x158.jpg 300w\" sizes=\"(max-width: 310px) 100vw, 310px\" \/><\/a>El Ministro de la Producci\u00f3n santafesino compareci\u00f3 para explicar qu\u00e9 hizo el gobierno para sostener la econom\u00eda provincial en pandemia. Tambi\u00e9n sent\u00f3 posici\u00f3n ante el cierre de las exportaciones de carne y la intenci\u00f3n del kirchnerismo de intervenir la v\u00eda navegable<\/strong><\/em><!--more--><\/p>\n<p>\u00abNos preocupa el tema del cierre de exportaciones de las carnes. Hemos expuesto el tema y estamos buscando opciones para que se revierta la decisi\u00f3n\u00bb, dijo el Ministro de la Producci\u00f3n de Santa Fe, Daniel Costamagna, durante su paso por la C\u00e1mara de Diputados. Luego, Nicol\u00e1s Mayoraz (Somos Vida y Familia) le pregunt\u00f3 si iban a ir m\u00e1s all\u00e1 de expresar la preocupaci\u00f3n por el tema carne. \u00abExplicamos que el abordaje aplicado por naci\u00f3n es equivocado. Nos pega de lleno el tema porque la industria frigor\u00edfica exportadora tiene 10 mil puestos de trabajo, la consumera 6 mil y tenemos 20 mil productores ganaderos\u00bb, se\u00f1al\u00f3 el ministro.<\/p>\n<p>\u00abEl da\u00f1o es para el pa\u00eds. La pelea es discutir fuertemente en el \u00e1mbito nacional y una propuesta de crecimiento del sector. Debemos resolverlo cu\u00e1nto antes. Cada d\u00eda que pasa sin resolverse se agrava el problema de la carne\u00bb, transcribi\u00f3 el periodista de El Litoral Mario C\u00e1ffaro.<\/p>\n<p>Asimismo, Costamagna plante\u00f3 que Santa Fe pretende que la hidrov\u00eda siga siendo una concesi\u00f3n privada con un \u00f3rgano de control federal. La declaraci\u00f3n se produjo ante un planteo de Nicol\u00e1s Mayoraz (Somos Vida y Familia). En tal sentido, el funcionario se\u00f1al\u00f3 que en el sistema se hicieron muchas cosas bien, explic\u00f3 que la gesti\u00f3n provincial analiza el tema con entidades y est\u00e1 atenta a posibles cambios. \u00abEl transporte es la \u00faltima parte de la cadena agr\u00edcola ganadera y es el transporte el que te deja o te saca del sistema comercial mundial\u00bb, afirm\u00f3.<\/p>\n<p>La invitaci\u00f3n de Diputados a Costamagna se hab\u00eda votado en abril y fue difiri\u00e9ndose por distintas razones. Ayer, junto a sus colaboradores hizo un racconto de medidas adoptadas. \u00abDesde mayo del a\u00f1o pasado a la fecha, sumando las asistencias directas, los fondos de financiamiento, lo inyectado para reactivar el consumo a trav\u00e9s de Billetera Santa Fe, los beneficios impositivos y las medidas impulsadas desde EPE y ASSA, el Gobierno Provincial ha puesto a disposici\u00f3n del aparato productivo m\u00e1s de 40.000 millones de pesos en recursos. Esto es posible gracias a la decisi\u00f3n pol\u00edtica de administrar los recursos de las y los santafesinos de manera eficaz, con prioridades claras y sin endeudarnos\u00bb, inform\u00f3.<\/p>\n<p>Seg\u00fan el informe, a la fecha, a trav\u00e9s del Programa de Asistencia Econ\u00f3mica de Emergencia se invirtieron 1.240 millones de pesos que llegaron a 4.500 beneficiarios en 23.000 aportes. Alcanz\u00f3 a gimnasios, salones privados de eventos, jardines de infantes, transportes escolares, peloteros, academias de danza, predios de f\u00fatbol 5, academia de artes marciales, centros culturales, escuelas de conducci\u00f3n, predios de paddle, boliches, centros de yoga y pilates, peluquer\u00edas, manicur\u00eda, podolog\u00eda, comestolog\u00eda. Hubo 462 millones de pesos cr\u00e9ditos a trav\u00e9s de agencias y asociaciones para el desarrollo de los 19 departamento y la red de mutuales de todo el territorio provincial.<\/p>\n<p>Tambi\u00e9n se destac\u00f3 el financiamiento donde destacaron las l\u00edneas Santa Fe de Pie, a trav\u00e9s del Banco Naci\u00f3n, con un fondo de 26.500 millones de pesos destinada a agregar valor en el sector productivo y las instrumentadas en el Nuevo Banco de Santa Fe con m\u00e1s de 500 millones de pesos de fondo disponible con el fin de sostener la actividad productiva.<\/p>\n<p>Fuente: Campolitoral<\/p>\n","protected":false},"excerpt":{"rendered":"<p>El Ministro de la Producci\u00f3n santafesino compareci\u00f3 para explicar qu\u00e9 hizo el gobierno para sostener la econom\u00eda provincial en pandemia. Tambi\u00e9n sent\u00f3 posici\u00f3n ante el cierre de las exportaciones de carne y la intenci\u00f3n del kirchnerismo de intervenir la v\u00eda navegable<\/p>\n","protected":false},"author":5,"featured_media":0,"comment_status":"open","ping_status":"open","sticky":false,"template":"","format":"standard","meta":[],"categories":[42],"tags":[4290],"_links":{"self":[{"href":"http:\/\/rurallascolonias.com.ar\/index.php?rest_route=\/wp\/v2\/posts\/19619"}],"collection":[{"href":"http:\/\/rurallascolonias.com.ar\/index.php?rest_route=\/wp\/v2\/posts"}],"about":[{"href":"http:\/\/rurallascolonias.com.ar\/index.php?rest_route=\/wp\/v2\/types\/post"}],"author":[{"embeddable":true,"href":"http:\/\/rurallascolonias.com.ar\/index.php?rest_route=\/wp\/v2\/users\/5"}],"replies":[{"embeddable":true,"href":"http:\/\/rurallascolonias.com.ar\/index.php?rest_route=%2Fwp%2Fv2%2Fcomments&post=19619"}],"version-history":[{"count":1,"href":"http:\/\/rurallascolonias.com.ar\/index.php?rest_route=\/wp\/v2\/posts\/19619\/revisions"}],"predecessor-version":[{"id":19621,"href":"http:\/\/rurallascolonias.com.ar\/index.php?rest_route=\/wp\/v2\/posts\/19619\/revisions\/19621"}],"wp:attachment":[{"href":"http:\/\/rurallascolonias.com.ar\/index.php?rest_route=%2Fwp%2Fv2%2Fmedia&parent=19619"}],"wp:term":[{"taxonomy":"category","embeddable":true,"href":"http:\/\/rurallascolonias.com.ar\/index.php?rest_route=%2Fwp%2Fv2%2Fcategories&post=19619"},{"taxonomy":"post_tag","embeddable":true,"href":"http:\/\/rurallascolonias.com.ar\/index.php?rest_route=%2Fwp%2Fv2%2Ftags&post=19619"}],"curies":[{"name":"wp","href":"https:\/\/api.w.org\/{rel}","templated":true}]}}