{"id":19572,"date":"2021-05-19T20:39:07","date_gmt":"2021-05-19T20:39:07","guid":{"rendered":"http:\/\/rurallascolonias.com.ar\/?p=19572"},"modified":"2021-05-19T21:29:51","modified_gmt":"2021-05-19T21:29:51","slug":"el-presidente-de-la-sociedad-rural-recibio-a-los-concejales-del-pro","status":"publish","type":"post","link":"http:\/\/rurallascolonias.com.ar\/?p=19572","title":{"rendered":"EL PRESIDENTE DE LA SOCIEDAD RURAL RECIBI\u00d3 A LOS CONCEJALES DEL PRO JUNTOS POR EL CAMBIO"},"content":{"rendered":"<p><em><strong><a href=\"http:\/\/rurallascolonias.com.ar\/?attachment_id=19573\" rel=\"attachment wp-att-19573\"><img loading=\"lazy\" class=\"aligncenter size-full wp-image-19573\" src=\"http:\/\/rurallascolonias.com.ar\/wp-content\/uploads\/2021\/05\/IMG-20210519-WA0024.jpg\" alt=\"\" width=\"1280\" height=\"958\" srcset=\"http:\/\/rurallascolonias.com.ar\/wp-content\/uploads\/2021\/05\/IMG-20210519-WA0024.jpg 1280w, http:\/\/rurallascolonias.com.ar\/wp-content\/uploads\/2021\/05\/IMG-20210519-WA0024-300x225.jpg 300w, http:\/\/rurallascolonias.com.ar\/wp-content\/uploads\/2021\/05\/IMG-20210519-WA0024-768x575.jpg 768w, http:\/\/rurallascolonias.com.ar\/wp-content\/uploads\/2021\/05\/IMG-20210519-WA0024-1024x766.jpg 1024w, http:\/\/rurallascolonias.com.ar\/wp-content\/uploads\/2021\/05\/IMG-20210519-WA0024-600x449.jpg 600w, http:\/\/rurallascolonias.com.ar\/wp-content\/uploads\/2021\/05\/IMG-20210519-WA0024-624x467.jpg 624w\" sizes=\"(max-width: 1280px) 100vw, 1280px\" \/><\/a>Esta ma\u00f1ana Diego Alonso se reuni\u00f3 en Sede Social con los concejales Guillermo Bonv\u00edn y Mariano Puig<\/strong><\/em><!--more--><\/p>\n<p>El motivo del encuentro fue para dialogar acerca de la decisi\u00f3n del Presidente de la Naci\u00f3n, Alberto Fernandez, de suspender las exportaciones de carne por 30 d\u00edas. Por tal motivo, los Concejales de Esperanza manifestaron a trav\u00e9s de un\u00a0 Proyecto de Minuta de Declaraci\u00f3n su profundo rechazo a la medida. Adem\u00e1s, muestran su rotundo apoyo a todas las entidades agropecuarias argentinas, especialmente la Sociedad Rural de Las Colonias.<\/p>\n<p>Sociedad Rural de Las Colonias<\/p>\n<p>&nbsp;<\/p>\n","protected":false},"excerpt":{"rendered":"<p>Esta ma\u00f1ana Diego Alonso se reuni\u00f3 en Sede Social con los concejales Guillermo Bonv\u00edn y Mariano Puig<\/p>\n","protected":false},"author":5,"featured_media":0,"comment_status":"open","ping_status":"open","sticky":false,"template":"","format":"standard","meta":[],"categories":[29],"tags":[],"_links":{"self":[{"href":"http:\/\/rurallascolonias.com.ar\/index.php?rest_route=\/wp\/v2\/posts\/19572"}],"collection":[{"href":"http:\/\/rurallascolonias.com.ar\/index.php?rest_route=\/wp\/v2\/posts"}],"about":[{"href":"http:\/\/rurallascolonias.com.ar\/index.php?rest_route=\/wp\/v2\/types\/post"}],"author":[{"embeddable":true,"href":"http:\/\/rurallascolonias.com.ar\/index.php?rest_route=\/wp\/v2\/users\/5"}],"replies":[{"embeddable":true,"href":"http:\/\/rurallascolonias.com.ar\/index.php?rest_route=%2Fwp%2Fv2%2Fcomments&post=19572"}],"version-history":[{"count":4,"href":"http:\/\/rurallascolonias.com.ar\/index.php?rest_route=\/wp\/v2\/posts\/19572\/revisions"}],"predecessor-version":[{"id":19578,"href":"http:\/\/rurallascolonias.com.ar\/index.php?rest_route=\/wp\/v2\/posts\/19572\/revisions\/19578"}],"wp:attachment":[{"href":"http:\/\/rurallascolonias.com.ar\/index.php?rest_route=%2Fwp%2Fv2%2Fmedia&parent=19572"}],"wp:term":[{"taxonomy":"category","embeddable":true,"href":"http:\/\/rurallascolonias.com.ar\/index.php?rest_route=%2Fwp%2Fv2%2Fcategories&post=19572"},{"taxonomy":"post_tag","embeddable":true,"href":"http:\/\/rurallascolonias.com.ar\/index.php?rest_route=%2Fwp%2Fv2%2Ftags&post=19572"}],"curies":[{"name":"wp","href":"https:\/\/api.w.org\/{rel}","templated":true}]}}