{"id":19512,"date":"2021-04-15T20:39:49","date_gmt":"2021-04-15T20:39:49","guid":{"rendered":"http:\/\/rurallascolonias.com.ar\/?p=19512"},"modified":"2021-04-15T20:39:49","modified_gmt":"2021-04-15T20:39:49","slug":"la-chocleada-solidaria-fue-un-exito","status":"publish","type":"post","link":"http:\/\/rurallascolonias.com.ar\/?p=19512","title":{"rendered":"LA CHOCLEADA SOLIDARIA FUE UN \u00c9XITO"},"content":{"rendered":"<p><strong><em><a href=\"http:\/\/rurallascolonias.com.ar\/?attachment_id=19517\" rel=\"attachment wp-att-19517\"><img loading=\"lazy\" class=\"aligncenter size-full wp-image-19517\" src=\"http:\/\/rurallascolonias.com.ar\/wp-content\/uploads\/2021\/04\/IMG-20210415-WA0011.jpg\" alt=\"\" width=\"960\" height=\"960\" srcset=\"http:\/\/rurallascolonias.com.ar\/wp-content\/uploads\/2021\/04\/IMG-20210415-WA0011.jpg 960w, http:\/\/rurallascolonias.com.ar\/wp-content\/uploads\/2021\/04\/IMG-20210415-WA0011-150x150.jpg 150w, http:\/\/rurallascolonias.com.ar\/wp-content\/uploads\/2021\/04\/IMG-20210415-WA0011-300x300.jpg 300w, http:\/\/rurallascolonias.com.ar\/wp-content\/uploads\/2021\/04\/IMG-20210415-WA0011-768x768.jpg 768w, http:\/\/rurallascolonias.com.ar\/wp-content\/uploads\/2021\/04\/IMG-20210415-WA0011-600x600.jpg 600w, http:\/\/rurallascolonias.com.ar\/wp-content\/uploads\/2021\/04\/IMG-20210415-WA0011-624x624.jpg 624w\" sizes=\"(max-width: 960px) 100vw, 960px\" \/><\/a>Nuestra Sociedad Rural tuvo dos excelentes jornadas donde se cumpli\u00f3 el objetivo principal que tuvo como destinos los comedores de la zona. El grano como puente entre el campo y la ciudad<\/em><\/strong><!--more--><\/p>\n<p>La intenci\u00f3n inicial era realizarlo el fin de semana, pero el intenso temporal de lluvias ca\u00eddas en toda la regi\u00f3n oblig\u00f3 a postergarlo por un par de d\u00edas hasta que el campo tuviera \u00abpiso\u00bb.<\/p>\n<p><a href=\"http:\/\/rurallascolonias.com.ar\/?attachment_id=19513\" rel=\"attachment wp-att-19513\"><img loading=\"lazy\" class=\"aligncenter size-full wp-image-19513\" src=\"http:\/\/rurallascolonias.com.ar\/wp-content\/uploads\/2021\/04\/IMG-20210413-WA0018.jpg\" alt=\"\" width=\"1280\" height=\"960\" srcset=\"http:\/\/rurallascolonias.com.ar\/wp-content\/uploads\/2021\/04\/IMG-20210413-WA0018.jpg 1280w, http:\/\/rurallascolonias.com.ar\/wp-content\/uploads\/2021\/04\/IMG-20210413-WA0018-300x225.jpg 300w, http:\/\/rurallascolonias.com.ar\/wp-content\/uploads\/2021\/04\/IMG-20210413-WA0018-768x576.jpg 768w, http:\/\/rurallascolonias.com.ar\/wp-content\/uploads\/2021\/04\/IMG-20210413-WA0018-1024x768.jpg 1024w, http:\/\/rurallascolonias.com.ar\/wp-content\/uploads\/2021\/04\/IMG-20210413-WA0018-600x450.jpg 600w, http:\/\/rurallascolonias.com.ar\/wp-content\/uploads\/2021\/04\/IMG-20210413-WA0018-624x468.jpg 624w\" sizes=\"(max-width: 1280px) 100vw, 1280px\" \/><\/a>5 fueron las entidades que quisieron integrarse en un trabajo in\u00e9dito para la regi\u00f3n: la Sociedad Rural de Las Colonias, la Cooperativa Lehmann, la Juventud de dicha entidad, el Ateneo Juvenil de la Rural y el Centro de Estudiantes de Ciencias Agrarias, los que sumaron esfuerzos para aportar el campo de 5 hect\u00e1reas, las semillas, los insumos y el conocimiento.<\/p>\n<p>Objetivo cumplido<\/p>\n<p>Los organizadores apuntaron a que la gente de la ciudad vea las particularidades de la producci\u00f3n de alimentos, atravesada por variables tales como el clima o las plagas, y el esfuerzo que conlleva vivir y trasladarse desde zonas rurales.<\/p>\n<p><a href=\"http:\/\/rurallascolonias.com.ar\/?attachment_id=19519\" rel=\"attachment wp-att-19519\"><img loading=\"lazy\" class=\"aligncenter size-full wp-image-19519\" src=\"http:\/\/rurallascolonias.com.ar\/wp-content\/uploads\/2021\/04\/IMG-20210415-WA0009.jpg\" alt=\"\" width=\"1280\" height=\"847\" srcset=\"http:\/\/rurallascolonias.com.ar\/wp-content\/uploads\/2021\/04\/IMG-20210415-WA0009.jpg 1280w, http:\/\/rurallascolonias.com.ar\/wp-content\/uploads\/2021\/04\/IMG-20210415-WA0009-300x199.jpg 300w, http:\/\/rurallascolonias.com.ar\/wp-content\/uploads\/2021\/04\/IMG-20210415-WA0009-768x508.jpg 768w, http:\/\/rurallascolonias.com.ar\/wp-content\/uploads\/2021\/04\/IMG-20210415-WA0009-1024x678.jpg 1024w, http:\/\/rurallascolonias.com.ar\/wp-content\/uploads\/2021\/04\/IMG-20210415-WA0009-600x397.jpg 600w, http:\/\/rurallascolonias.com.ar\/wp-content\/uploads\/2021\/04\/IMG-20210415-WA0009-624x413.jpg 624w\" sizes=\"(max-width: 1280px) 100vw, 1280px\" \/><\/a>En este sentido, Diego Alonso, presidente de la Sociedad Rural de Las Colonias, se entusiasm\u00f3 con la chocleada como disparador de una agenda cargada de actividades, que incluir\u00e1 la tradicional \u00abvidriera gen\u00e9tica\u00bb la semana que viene, y la celebraci\u00f3n de los 25 a\u00f1os de relaci\u00f3n institucional con la Guillermo Lehmann en septiembre.<\/p>\n<p>Para Mayco Mansilla, esto es el puntapi\u00e9 inicial de un camino a recorrer para acercar el campo a la ciudad. Y proyect\u00f3 un potencial ilimitado si se aprovecha todo lo que el campo le da a la ciudad.\u00a0El lote contiene 300 mil choclos, que volcados a n\u00fameros implican unas 35 toneladas de ma\u00edz.<\/p>\n<p>En las \u00faltimas horas de la tarde del martes, el comedor \u00abChevelita\u00bb de Esperanza fue el primero en recibir parte del cargamento verde y dorado.<\/p>\n<p>Campolitoral<\/p>\n","protected":false},"excerpt":{"rendered":"<p>Nuestra Sociedad Rural tuvo dos excelentes jornadas donde se cumpli\u00f3 el objetivo principal que tuvo como destinos los comedores de la zona. El grano como puente entre el campo y la ciudad<\/p>\n","protected":false},"author":5,"featured_media":0,"comment_status":"open","ping_status":"open","sticky":false,"template":"","format":"standard","meta":[],"categories":[2306],"tags":[4392],"_links":{"self":[{"href":"http:\/\/rurallascolonias.com.ar\/index.php?rest_route=\/wp\/v2\/posts\/19512"}],"collection":[{"href":"http:\/\/rurallascolonias.com.ar\/index.php?rest_route=\/wp\/v2\/posts"}],"about":[{"href":"http:\/\/rurallascolonias.com.ar\/index.php?rest_route=\/wp\/v2\/types\/post"}],"author":[{"embeddable":true,"href":"http:\/\/rurallascolonias.com.ar\/index.php?rest_route=\/wp\/v2\/users\/5"}],"replies":[{"embeddable":true,"href":"http:\/\/rurallascolonias.com.ar\/index.php?rest_route=%2Fwp%2Fv2%2Fcomments&post=19512"}],"version-history":[{"count":1,"href":"http:\/\/rurallascolonias.com.ar\/index.php?rest_route=\/wp\/v2\/posts\/19512\/revisions"}],"predecessor-version":[{"id":19520,"href":"http:\/\/rurallascolonias.com.ar\/index.php?rest_route=\/wp\/v2\/posts\/19512\/revisions\/19520"}],"wp:attachment":[{"href":"http:\/\/rurallascolonias.com.ar\/index.php?rest_route=%2Fwp%2Fv2%2Fmedia&parent=19512"}],"wp:term":[{"taxonomy":"category","embeddable":true,"href":"http:\/\/rurallascolonias.com.ar\/index.php?rest_route=%2Fwp%2Fv2%2Fcategories&post=19512"},{"taxonomy":"post_tag","embeddable":true,"href":"http:\/\/rurallascolonias.com.ar\/index.php?rest_route=%2Fwp%2Fv2%2Ftags&post=19512"}],"curies":[{"name":"wp","href":"https:\/\/api.w.org\/{rel}","templated":true}]}}