{"id":19483,"date":"2021-04-06T23:16:42","date_gmt":"2021-04-06T23:16:42","guid":{"rendered":"http:\/\/rurallascolonias.com.ar\/?p=19483"},"modified":"2021-04-06T23:16:42","modified_gmt":"2021-04-06T23:16:42","slug":"perotti-tener-conectividad-es-fundamental-para-la-vida-rural","status":"publish","type":"post","link":"http:\/\/rurallascolonias.com.ar\/?p=19483","title":{"rendered":"PEROTTI: \u00abTener conectividad es fundamental para la vida rural\u00bb"},"content":{"rendered":"<p><strong><em><a href=\"http:\/\/rurallascolonias.com.ar\/?attachment_id=19489\" rel=\"attachment wp-att-19489\"><img loading=\"lazy\" class=\"aligncenter size-full wp-image-19489\" src=\"http:\/\/rurallascolonias.com.ar\/wp-content\/uploads\/2021\/04\/IMG-20210405-WA0029.jpg\" alt=\"\" width=\"960\" height=\"1280\" srcset=\"http:\/\/rurallascolonias.com.ar\/wp-content\/uploads\/2021\/04\/IMG-20210405-WA0029.jpg 960w, http:\/\/rurallascolonias.com.ar\/wp-content\/uploads\/2021\/04\/IMG-20210405-WA0029-225x300.jpg 225w, http:\/\/rurallascolonias.com.ar\/wp-content\/uploads\/2021\/04\/IMG-20210405-WA0029-768x1024.jpg 768w, http:\/\/rurallascolonias.com.ar\/wp-content\/uploads\/2021\/04\/IMG-20210405-WA0029-600x800.jpg 600w, http:\/\/rurallascolonias.com.ar\/wp-content\/uploads\/2021\/04\/IMG-20210405-WA0029-624x832.jpg 624w\" sizes=\"(max-width: 960px) 100vw, 960px\" \/><\/a>Es por eso que una inversi\u00f3n en caminos rurales es sin dudas una muy buena noticia. El Gobernador de Santa Fe Omar Perotti, se refiri\u00f3 a la importancia de tener conectividad en las zonas rurales, conectividad que gira en torno a tener energ\u00eda el\u00e9ctrica, a tener internet, a tener caminos<\/em><\/strong><!--more--><\/p>\n<p>Hoy son siete los establecimientos educativos que dependen de Esperanza y para todas existe el Proyecto de llegar con el ripiado. En esta oportunidad son cuatro de esas escuelas las beneficiadas.<\/p>\n<p>El convenio en el marco del Programa Caminos de la Ruralidad, le otorga al Gobierno de la Ciudad de Esperanza $16.500.00 para la ejecuci\u00f3n de obras a lo largo de 9,77 kil\u00f3metros en caminos rurales<\/p>\n<p>Sociedad Rural de Las Colonias<\/p>\n","protected":false},"excerpt":{"rendered":"<p>Es por eso que una inversi\u00f3n en caminos rurales es sin dudas una muy buena noticia. El Gobernador de Santa Fe Omar Perotti, se refiri\u00f3 a la importancia de tener conectividad en las zonas rurales, conectividad que gira en torno a tener energ\u00eda el\u00e9ctrica, a tener internet, a tener caminos<\/p>\n","protected":false},"author":5,"featured_media":0,"comment_status":"open","ping_status":"open","sticky":false,"template":"","format":"standard","meta":[],"categories":[29],"tags":[],"_links":{"self":[{"href":"http:\/\/rurallascolonias.com.ar\/index.php?rest_route=\/wp\/v2\/posts\/19483"}],"collection":[{"href":"http:\/\/rurallascolonias.com.ar\/index.php?rest_route=\/wp\/v2\/posts"}],"about":[{"href":"http:\/\/rurallascolonias.com.ar\/index.php?rest_route=\/wp\/v2\/types\/post"}],"author":[{"embeddable":true,"href":"http:\/\/rurallascolonias.com.ar\/index.php?rest_route=\/wp\/v2\/users\/5"}],"replies":[{"embeddable":true,"href":"http:\/\/rurallascolonias.com.ar\/index.php?rest_route=%2Fwp%2Fv2%2Fcomments&post=19483"}],"version-history":[{"count":2,"href":"http:\/\/rurallascolonias.com.ar\/index.php?rest_route=\/wp\/v2\/posts\/19483\/revisions"}],"predecessor-version":[{"id":19490,"href":"http:\/\/rurallascolonias.com.ar\/index.php?rest_route=\/wp\/v2\/posts\/19483\/revisions\/19490"}],"wp:attachment":[{"href":"http:\/\/rurallascolonias.com.ar\/index.php?rest_route=%2Fwp%2Fv2%2Fmedia&parent=19483"}],"wp:term":[{"taxonomy":"category","embeddable":true,"href":"http:\/\/rurallascolonias.com.ar\/index.php?rest_route=%2Fwp%2Fv2%2Fcategories&post=19483"},{"taxonomy":"post_tag","embeddable":true,"href":"http:\/\/rurallascolonias.com.ar\/index.php?rest_route=%2Fwp%2Fv2%2Ftags&post=19483"}],"curies":[{"name":"wp","href":"https:\/\/api.w.org\/{rel}","templated":true}]}}