{"id":19476,"date":"2021-04-06T14:04:45","date_gmt":"2021-04-06T14:04:45","guid":{"rendered":"http:\/\/rurallascolonias.com.ar\/?p=19476"},"modified":"2021-04-06T14:05:50","modified_gmt":"2021-04-06T14:05:50","slug":"el-gobernador-omar-perotti-visito-la-escuela-de-rincon-del-pintado","status":"publish","type":"post","link":"http:\/\/rurallascolonias.com.ar\/?p=19476","title":{"rendered":"EL GOBERNADOR OMAR PEROTTI VISIT\u00d3 LA ESCUELA DE RINC\u00d3N DEL PINTADO"},"content":{"rendered":"<p><em><strong><a href=\"http:\/\/rurallascolonias.com.ar\/?attachment_id=19477\" rel=\"attachment wp-att-19477\"><img loading=\"lazy\" class=\"aligncenter wp-image-19477 size-full\" src=\"http:\/\/rurallascolonias.com.ar\/wp-content\/uploads\/2021\/04\/20210405_131238.jpg\" alt=\"\" width=\"4128\" height=\"2322\" srcset=\"http:\/\/rurallascolonias.com.ar\/wp-content\/uploads\/2021\/04\/20210405_131238.jpg 4128w, http:\/\/rurallascolonias.com.ar\/wp-content\/uploads\/2021\/04\/20210405_131238-300x169.jpg 300w, http:\/\/rurallascolonias.com.ar\/wp-content\/uploads\/2021\/04\/20210405_131238-768x432.jpg 768w, http:\/\/rurallascolonias.com.ar\/wp-content\/uploads\/2021\/04\/20210405_131238-1024x576.jpg 1024w, http:\/\/rurallascolonias.com.ar\/wp-content\/uploads\/2021\/04\/20210405_131238-600x338.jpg 600w, http:\/\/rurallascolonias.com.ar\/wp-content\/uploads\/2021\/04\/20210405_131238-624x351.jpg 624w\" sizes=\"(max-width: 4128px) 100vw, 4128px\" \/><\/a>El motivo fue la firma de un convenio para el mejoramiento de caminos rurales que afectan entre otras, a la Escuela N\u00b06073 Dr. Rafael Bielsa. Se trata de un Sistema de Asistencia T\u00e9cnica y econ\u00f3mica para la incorporaci\u00f3n de infraestructura productiva con prioridad en el mejorado y mantenimiento de Caminos Rurales del Territorio Provincial<\/strong><\/em><!--more--><\/p>\n<p>A trav\u00e9s del Ministerio de Producci\u00f3n, Ciencia y Tecnolog\u00eda se impulsa la asignaci\u00f3n de aportes no reintegrables destinados a la adquisici\u00f3n de insumos y materiales necesarios para la ejecuci\u00f3n de las obras designados en el marco de mencionado Programa. El aporte es de $16.500.000 para una traza de 9 kil\u00f3metros aproximadamente.<\/p>\n<p><a href=\"http:\/\/rurallascolonias.com.ar\/?attachment_id=19478\" rel=\"attachment wp-att-19478\"><img loading=\"lazy\" class=\"aligncenter wp-image-19478 size-medium\" src=\"http:\/\/rurallascolonias.com.ar\/wp-content\/uploads\/2021\/04\/IMG-20210405-WA0016-225x300.jpg\" alt=\"\" width=\"225\" height=\"300\" srcset=\"http:\/\/rurallascolonias.com.ar\/wp-content\/uploads\/2021\/04\/IMG-20210405-WA0016-225x300.jpg 225w, http:\/\/rurallascolonias.com.ar\/wp-content\/uploads\/2021\/04\/IMG-20210405-WA0016-768x1024.jpg 768w, http:\/\/rurallascolonias.com.ar\/wp-content\/uploads\/2021\/04\/IMG-20210405-WA0016-600x800.jpg 600w, http:\/\/rurallascolonias.com.ar\/wp-content\/uploads\/2021\/04\/IMG-20210405-WA0016-624x832.jpg 624w, http:\/\/rurallascolonias.com.ar\/wp-content\/uploads\/2021\/04\/IMG-20210405-WA0016.jpg 960w\" sizes=\"(max-width: 225px) 100vw, 225px\" \/><\/a>Presidi\u00f3 el Acto el Gobernador de la Provincia de Santa Fe, Omar Perotti. Lo acompa\u00f1\u00f3 la Intendenta de la ciudad de Esperanza, Ana Mar\u00eda Meiners. El Ministro de la Producci\u00f3n, Ciencia y Tecnolog\u00eda Daniel Costamagna y el Administrador General de Vialidad,, Oscar Ceschi. Tambi\u00e9n estaban presentes el Senador del Departamento Las Colonias, Rub\u00e9n Pirola, el Presidente de la Sociedad Rural Diego Alonso. Autoridades provinciales, Municipales, docentes y p\u00fablico en general.<\/p>\n<p><a href=\"http:\/\/rurallascolonias.com.ar\/?attachment_id=19479\" rel=\"attachment wp-att-19479\"><img loading=\"lazy\" class=\"aligncenter wp-image-19479 size-medium\" src=\"http:\/\/rurallascolonias.com.ar\/wp-content\/uploads\/2021\/04\/IMG-20210405-WA0014-225x300.jpg\" alt=\"\" width=\"225\" height=\"300\" srcset=\"http:\/\/rurallascolonias.com.ar\/wp-content\/uploads\/2021\/04\/IMG-20210405-WA0014-225x300.jpg 225w, http:\/\/rurallascolonias.com.ar\/wp-content\/uploads\/2021\/04\/IMG-20210405-WA0014-768x1024.jpg 768w, http:\/\/rurallascolonias.com.ar\/wp-content\/uploads\/2021\/04\/IMG-20210405-WA0014-600x800.jpg 600w, http:\/\/rurallascolonias.com.ar\/wp-content\/uploads\/2021\/04\/IMG-20210405-WA0014-624x832.jpg 624w, http:\/\/rurallascolonias.com.ar\/wp-content\/uploads\/2021\/04\/IMG-20210405-WA0014.jpg 960w\" sizes=\"(max-width: 225px) 100vw, 225px\" \/><\/a><\/p>\n<p>Sociedad Rural de Las Colonias<\/p>\n","protected":false},"excerpt":{"rendered":"<p>El motivo fue la firma de un convenio para el mejoramiento de caminos rurales que afectan entre otras, a la Escuela N\u00b06073 Dr. Rafael Bielsa. Se trata de un Sistema de Asistencia T\u00e9cnica y econ\u00f3mica para la incorporaci\u00f3n de infraestructura productiva con prioridad en el mejorado y mantenimiento de Caminos Rurales del Territorio Provincial<\/p>\n","protected":false},"author":5,"featured_media":0,"comment_status":"open","ping_status":"open","sticky":false,"template":"","format":"standard","meta":[],"categories":[29],"tags":[4411,1885,4410,4412],"_links":{"self":[{"href":"http:\/\/rurallascolonias.com.ar\/index.php?rest_route=\/wp\/v2\/posts\/19476"}],"collection":[{"href":"http:\/\/rurallascolonias.com.ar\/index.php?rest_route=\/wp\/v2\/posts"}],"about":[{"href":"http:\/\/rurallascolonias.com.ar\/index.php?rest_route=\/wp\/v2\/types\/post"}],"author":[{"embeddable":true,"href":"http:\/\/rurallascolonias.com.ar\/index.php?rest_route=\/wp\/v2\/users\/5"}],"replies":[{"embeddable":true,"href":"http:\/\/rurallascolonias.com.ar\/index.php?rest_route=%2Fwp%2Fv2%2Fcomments&post=19476"}],"version-history":[{"count":2,"href":"http:\/\/rurallascolonias.com.ar\/index.php?rest_route=\/wp\/v2\/posts\/19476\/revisions"}],"predecessor-version":[{"id":19481,"href":"http:\/\/rurallascolonias.com.ar\/index.php?rest_route=\/wp\/v2\/posts\/19476\/revisions\/19481"}],"wp:attachment":[{"href":"http:\/\/rurallascolonias.com.ar\/index.php?rest_route=%2Fwp%2Fv2%2Fmedia&parent=19476"}],"wp:term":[{"taxonomy":"category","embeddable":true,"href":"http:\/\/rurallascolonias.com.ar\/index.php?rest_route=%2Fwp%2Fv2%2Fcategories&post=19476"},{"taxonomy":"post_tag","embeddable":true,"href":"http:\/\/rurallascolonias.com.ar\/index.php?rest_route=%2Fwp%2Fv2%2Ftags&post=19476"}],"curies":[{"name":"wp","href":"https:\/\/api.w.org\/{rel}","templated":true}]}}