{"id":19444,"date":"2021-03-16T20:53:30","date_gmt":"2021-03-16T20:53:30","guid":{"rendered":"http:\/\/rurallascolonias.com.ar\/?p=19444"},"modified":"2021-03-16T20:53:30","modified_gmt":"2021-03-16T20:53:30","slug":"la-tradicional-vidriera-genetica-lechera-ya-tiene-fecha-2","status":"publish","type":"post","link":"http:\/\/rurallascolonias.com.ar\/?p=19444","title":{"rendered":"LA TRADICIONAL VIDRIERA GENETICA LECHERA YA TIENE FECHA"},"content":{"rendered":"<p><em><strong><a href=\"http:\/\/rurallascolonias.com.ar\/?attachment_id=19445\" rel=\"attachment wp-att-19445\"><img loading=\"lazy\" class=\"aligncenter size-full wp-image-19445\" src=\"http:\/\/rurallascolonias.com.ar\/wp-content\/uploads\/2021\/03\/vidriera-gen\u00e9tica-folleto.jpg\" alt=\"\" width=\"1280\" height=\"788\" srcset=\"http:\/\/rurallascolonias.com.ar\/wp-content\/uploads\/2021\/03\/vidriera-gen\u00e9tica-folleto.jpg 1280w, http:\/\/rurallascolonias.com.ar\/wp-content\/uploads\/2021\/03\/vidriera-gen\u00e9tica-folleto-300x185.jpg 300w, http:\/\/rurallascolonias.com.ar\/wp-content\/uploads\/2021\/03\/vidriera-gen\u00e9tica-folleto-768x473.jpg 768w, http:\/\/rurallascolonias.com.ar\/wp-content\/uploads\/2021\/03\/vidriera-gen\u00e9tica-folleto-1024x630.jpg 1024w, http:\/\/rurallascolonias.com.ar\/wp-content\/uploads\/2021\/03\/vidriera-gen\u00e9tica-folleto-600x369.jpg 600w, http:\/\/rurallascolonias.com.ar\/wp-content\/uploads\/2021\/03\/vidriera-gen\u00e9tica-folleto-624x384.jpg 624w\" sizes=\"(max-width: 1280px) 100vw, 1280px\" \/><\/a>Como todos los a\u00f1os, el evento m\u00e1s importante de la zona se llevar\u00e1 a cabo el viernes 16 de Abril con la modalidad Virtual debido al momento que atraviesa el mundo<\/strong><\/em><!--more--><\/p>\n<p>Esta vez ser\u00e1 a trav\u00e9s de Screening a partir de las 13,30 hs por el enlace perteneciente a la Cooperativa Guillermo Lehmann que, como siempre tendr\u00e1 a su cargo el remate de vaquillonas.<\/p>\n<p>Participe del evento, desde la comodidad de su casa, ingresando a coopertivalehmann.rural.com.ar<\/p>\n","protected":false},"excerpt":{"rendered":"<p>Como todos los a\u00f1os, el evento m\u00e1s importante de la zona se llevar\u00e1 a cabo el viernes 16 de Abril con la modalidad Virtual debido al momento que atraviesa el mundo<\/p>\n","protected":false},"author":5,"featured_media":0,"comment_status":"open","ping_status":"open","sticky":false,"template":"","format":"standard","meta":[],"categories":[1],"tags":[],"_links":{"self":[{"href":"http:\/\/rurallascolonias.com.ar\/index.php?rest_route=\/wp\/v2\/posts\/19444"}],"collection":[{"href":"http:\/\/rurallascolonias.com.ar\/index.php?rest_route=\/wp\/v2\/posts"}],"about":[{"href":"http:\/\/rurallascolonias.com.ar\/index.php?rest_route=\/wp\/v2\/types\/post"}],"author":[{"embeddable":true,"href":"http:\/\/rurallascolonias.com.ar\/index.php?rest_route=\/wp\/v2\/users\/5"}],"replies":[{"embeddable":true,"href":"http:\/\/rurallascolonias.com.ar\/index.php?rest_route=%2Fwp%2Fv2%2Fcomments&post=19444"}],"version-history":[{"count":1,"href":"http:\/\/rurallascolonias.com.ar\/index.php?rest_route=\/wp\/v2\/posts\/19444\/revisions"}],"predecessor-version":[{"id":19446,"href":"http:\/\/rurallascolonias.com.ar\/index.php?rest_route=\/wp\/v2\/posts\/19444\/revisions\/19446"}],"wp:attachment":[{"href":"http:\/\/rurallascolonias.com.ar\/index.php?rest_route=%2Fwp%2Fv2%2Fmedia&parent=19444"}],"wp:term":[{"taxonomy":"category","embeddable":true,"href":"http:\/\/rurallascolonias.com.ar\/index.php?rest_route=%2Fwp%2Fv2%2Fcategories&post=19444"},{"taxonomy":"post_tag","embeddable":true,"href":"http:\/\/rurallascolonias.com.ar\/index.php?rest_route=%2Fwp%2Fv2%2Ftags&post=19444"}],"curies":[{"name":"wp","href":"https:\/\/api.w.org\/{rel}","templated":true}]}}