{"id":19434,"date":"2021-03-11T20:06:52","date_gmt":"2021-03-11T20:06:52","guid":{"rendered":"http:\/\/rurallascolonias.com.ar\/?p=19434"},"modified":"2021-03-11T20:06:52","modified_gmt":"2021-03-11T20:06:52","slug":"los-precios-de-los-alimentos-tuvieron-su-noveno-mes-de-aumento-consecutivo-a-nivel-mundial","status":"publish","type":"post","link":"http:\/\/rurallascolonias.com.ar\/?p=19434","title":{"rendered":"LOS PRECIOS DE LOS ALIMENTOS TUVIERON SU NOVENO MES DE AUMENTO CONSECUTIVO A NIVEL MUNDIAL"},"content":{"rendered":"<p><em><strong><a href=\"http:\/\/rurallascolonias.com.ar\/?attachment_id=19435\" rel=\"attachment wp-att-19435\"><img loading=\"lazy\" class=\"aligncenter size-full wp-image-19435\" src=\"http:\/\/rurallascolonias.com.ar\/wp-content\/uploads\/2021\/03\/g\u00f3ndola.jpg\" alt=\"\" width=\"750\" height=\"422\" srcset=\"http:\/\/rurallascolonias.com.ar\/wp-content\/uploads\/2021\/03\/g\u00f3ndola.jpg 750w, http:\/\/rurallascolonias.com.ar\/wp-content\/uploads\/2021\/03\/g\u00f3ndola-300x169.jpg 300w, http:\/\/rurallascolonias.com.ar\/wp-content\/uploads\/2021\/03\/g\u00f3ndola-600x338.jpg 600w, http:\/\/rurallascolonias.com.ar\/wp-content\/uploads\/2021\/03\/g\u00f3ndola-624x351.jpg 624w\" sizes=\"(max-width: 750px) 100vw, 750px\" \/><\/a>El \u00edndice de precios que reporta la FAO mostr\u00f3 un nuevo incremento en el mes de febrero. El az\u00facar y los aceites vegetales lideraron el alza de precios<\/strong><\/em><!--more--><\/p>\n<p>La Organizaci\u00f3n de las Naciones Unidas para la Alimentaci\u00f3n y la Agricultura (FAO) sigue el progreso de los precios internacionales de los alimentos mensualmente a nivel global.<\/p>\n<p>En el mes de febrero, el \u00edndice de precios de los alimentos registr\u00f3 un promedio de 116 puntos en febrero, es decir, un 2,4 % m\u00e1s que el mes anterior, un aumento que estuvo liderado por el az\u00facar y los aceites vegetales.<\/p>\n<p>RUBRO POR RUBRO<\/p>\n<p>Az\u00facar: el \u00edndice aument\u00f3 un 6,4% desde enero, debido a que el descenso de la producci\u00f3n en algunos de los principales pa\u00edses productores y la fuerte demanda de importaciones en Asia.<\/p>\n<p>Aceites vegetales: seg\u00fan la FAO, en este caso, el incremento es de 6,2%, con lo que alcanz\u00f3 su nivel m\u00e1s elevado desde abril de 2012. Subieron los precios de los aceites de palma, soja, colza y girasol.<\/p>\n<p>L\u00e1cteos: se registr\u00f3 un aumento del 1,7%, impulsado por los precios internacionales de exportaci\u00f3n de la matenca, sostenidos por las cuantiosas importaciones de China sumadas a la limitada oferta en Europa occidental. Disminuy\u00f3 los precios del queso, debido en parte a las abundantes existencias en los Estados Unidos de Am\u00e9rica.<\/p>\n<p>Cereales: fue un promedio de 1,2% respecto a enero. El sorgo subi\u00f3 un 17,4 % durante el mes, impulsados por la fuerte demanda continua por parte de China. Por su parte, los precios internacionales del ma\u00edz, el trigo y el arroz se mantuvieron estables o subieron ligeramente.<\/p>\n<p>Carne: el incremento fue de 0,6%, empujado por la escasa oferta de carnes de bovino y ovino en importantes regiones productoras. En cambio, las cotizaciones de la carne de cerdo cayeron a causa de la reducci\u00f3n de las compras de China en un contexto de fuerte exceso de oferta y aumento de la producci\u00f3n porcina.<\/p>\n<p><span class=\"color-blue\">Fuente\u00a0<\/span><b><a href=\"https:\/\/www.infocampo.com.ar\/los-precios-de-los-alimentos-tuvieron-su-noveno-mes-de-aumento-consecutivo-a-nivel-mundial\/\" target=\"_blank\" rel=\"noopener noreferrer\">Infocampo<\/a><\/b><\/p>\n<p>&nbsp;<\/p>\n","protected":false},"excerpt":{"rendered":"<p>El \u00edndice de precios que reporta la FAO mostr\u00f3 un nuevo incremento en el mes de febrero. El az\u00facar y los aceites vegetales lideraron el alza de precios<\/p>\n","protected":false},"author":5,"featured_media":0,"comment_status":"open","ping_status":"open","sticky":false,"template":"","format":"standard","meta":[],"categories":[14],"tags":[3497,318,106],"_links":{"self":[{"href":"http:\/\/rurallascolonias.com.ar\/index.php?rest_route=\/wp\/v2\/posts\/19434"}],"collection":[{"href":"http:\/\/rurallascolonias.com.ar\/index.php?rest_route=\/wp\/v2\/posts"}],"about":[{"href":"http:\/\/rurallascolonias.com.ar\/index.php?rest_route=\/wp\/v2\/types\/post"}],"author":[{"embeddable":true,"href":"http:\/\/rurallascolonias.com.ar\/index.php?rest_route=\/wp\/v2\/users\/5"}],"replies":[{"embeddable":true,"href":"http:\/\/rurallascolonias.com.ar\/index.php?rest_route=%2Fwp%2Fv2%2Fcomments&post=19434"}],"version-history":[{"count":1,"href":"http:\/\/rurallascolonias.com.ar\/index.php?rest_route=\/wp\/v2\/posts\/19434\/revisions"}],"predecessor-version":[{"id":19436,"href":"http:\/\/rurallascolonias.com.ar\/index.php?rest_route=\/wp\/v2\/posts\/19434\/revisions\/19436"}],"wp:attachment":[{"href":"http:\/\/rurallascolonias.com.ar\/index.php?rest_route=%2Fwp%2Fv2%2Fmedia&parent=19434"}],"wp:term":[{"taxonomy":"category","embeddable":true,"href":"http:\/\/rurallascolonias.com.ar\/index.php?rest_route=%2Fwp%2Fv2%2Fcategories&post=19434"},{"taxonomy":"post_tag","embeddable":true,"href":"http:\/\/rurallascolonias.com.ar\/index.php?rest_route=%2Fwp%2Fv2%2Ftags&post=19434"}],"curies":[{"name":"wp","href":"https:\/\/api.w.org\/{rel}","templated":true}]}}