{"id":19411,"date":"2021-02-22T14:31:06","date_gmt":"2021-02-22T14:31:06","guid":{"rendered":"http:\/\/rurallascolonias.com.ar\/?p=19411"},"modified":"2021-02-22T14:31:06","modified_gmt":"2021-02-22T14:31:06","slug":"sin-aumento-de-la-leche-en-gondola-no-hay-aumento-para-el-tambero","status":"publish","type":"post","link":"http:\/\/rurallascolonias.com.ar\/?p=19411","title":{"rendered":"SIN AUMENTO DE LA LECHE EN G\u00d3NDOLA NO HAY AUMENTO PARA EL TAMBERO"},"content":{"rendered":"<p><strong><em><a href=\"http:\/\/rurallascolonias.com.ar\/?attachment_id=19412\" rel=\"attachment wp-att-19412\"><img loading=\"lazy\" class=\"aligncenter size-full wp-image-19412\" src=\"http:\/\/rurallascolonias.com.ar\/wp-content\/uploads\/2021\/02\/El-Gobierno-reglament\u00f3-la-Ley-de-G\u00f3ndolas.jpg\" alt=\"\" width=\"768\" height=\"432\" srcset=\"http:\/\/rurallascolonias.com.ar\/wp-content\/uploads\/2021\/02\/El-Gobierno-reglament\u00f3-la-Ley-de-G\u00f3ndolas.jpg 768w, http:\/\/rurallascolonias.com.ar\/wp-content\/uploads\/2021\/02\/El-Gobierno-reglament\u00f3-la-Ley-de-G\u00f3ndolas-300x169.jpg 300w, http:\/\/rurallascolonias.com.ar\/wp-content\/uploads\/2021\/02\/El-Gobierno-reglament\u00f3-la-Ley-de-G\u00f3ndolas-600x338.jpg 600w, http:\/\/rurallascolonias.com.ar\/wp-content\/uploads\/2021\/02\/El-Gobierno-reglament\u00f3-la-Ley-de-G\u00f3ndolas-624x351.jpg 624w\" sizes=\"(max-width: 768px) 100vw, 768px\" \/><\/a>Una promesa que no se cumplir\u00e1 vuelve a atrasar el precio de la leche<\/em><\/strong><!--more--><\/p>\n<p>Dilema 1 \u00bfHay que negociar con el gobierno? S\u00ed.<br \/>\nDilema 2 \u00bfSe puede creer en las promesas? Dudas<\/p>\n<p>Existen sentimientos encontrados entre los empresarios lecheros argentinos y las autoridades nacionales, sienten que algo se quebr\u00f3, y ese algo implica dinero, algo que escasea en el sector y en todo el pa\u00eds.<\/p>\n<p>La innumerable serie de reuniones que viene teniendo la cadena con autoridades nacionales de diversos ministerios parec\u00eda que pod\u00eda tener un final feliz. El mes pasado le hab\u00edan prometido a las empresas autorizar aumentos a los l\u00e1cteos de 5% para febrero y otro igual para marzo, pero la semana pasada, al mismo momento que se denunciaba a industrias de desabastecer el mercado se anul\u00f3 el permiso para el mes de febrero y qued\u00f3 en suspenso el de marzo.<\/p>\n<p>Y ahora empiezan las consecuencias.<\/p>\n<p>El viernes La Seren\u00edsima comenz\u00f3 a notificar a sus tamberos que no modifica los precios para la leche entregada este mes, aunque aseguran que sostendr\u00e1n las bonificaciones que tenga el aumento de los s\u00f3lidos, lo que har\u00e1 que el litro de leche muestre una peque\u00f1a mejora.<\/p>\n<p>Seguramente no ser\u00e1 la \u00fanica, en la misma situaci\u00f3n se encuentran las empresas que abastecen el mercado interno, y saben que van a correr en desventaja con las que tienen un perfil m\u00e1s exportador.<\/p>\n<p>Devoluci\u00f3n del IVA a exportadores l\u00e1cteos<\/p>\n<p>A las trabas impuestas por la AFIP el 8 de Febrero pasado, la deuda que acumula este organismo con las empresas (y que sigue sin resolverse y los funcionarios miran hacia otro lado) ya posee 9 ceros. Si los beneficiarios pudieran colocarle una tasa de inter\u00e9s a esta deuda que el Estado posee con ellos, los intereses que est\u00e1n pagando en sus prestamos ser\u00edan muy inferiores a los que sufren hoy.<\/p>\n<p>Hay una mezcla de malestar y desilusi\u00f3n entre los empresarios, estaban convencidos de que las reuniones, charlas, n\u00fameros analizados, hab\u00edan dado resultado, pero no, se regreso a un pantano.<\/p>\n<p><span class=\"color-blue\">Por\u00a0<\/span><a href=\"https:\/\/edairynews.com\/es\/author\/damianmorais\/\" rel=\"author\"><b>Dami\u00e1n Morais<\/b><\/a><\/p>\n","protected":false},"excerpt":{"rendered":"<p>Una promesa que no se cumplir\u00e1 vuelve a atrasar el precio de la leche<\/p>\n","protected":false},"author":5,"featured_media":0,"comment_status":"open","ping_status":"open","sticky":false,"template":"","format":"standard","meta":[],"categories":[42],"tags":[318,1474,47],"_links":{"self":[{"href":"http:\/\/rurallascolonias.com.ar\/index.php?rest_route=\/wp\/v2\/posts\/19411"}],"collection":[{"href":"http:\/\/rurallascolonias.com.ar\/index.php?rest_route=\/wp\/v2\/posts"}],"about":[{"href":"http:\/\/rurallascolonias.com.ar\/index.php?rest_route=\/wp\/v2\/types\/post"}],"author":[{"embeddable":true,"href":"http:\/\/rurallascolonias.com.ar\/index.php?rest_route=\/wp\/v2\/users\/5"}],"replies":[{"embeddable":true,"href":"http:\/\/rurallascolonias.com.ar\/index.php?rest_route=%2Fwp%2Fv2%2Fcomments&post=19411"}],"version-history":[{"count":1,"href":"http:\/\/rurallascolonias.com.ar\/index.php?rest_route=\/wp\/v2\/posts\/19411\/revisions"}],"predecessor-version":[{"id":19413,"href":"http:\/\/rurallascolonias.com.ar\/index.php?rest_route=\/wp\/v2\/posts\/19411\/revisions\/19413"}],"wp:attachment":[{"href":"http:\/\/rurallascolonias.com.ar\/index.php?rest_route=%2Fwp%2Fv2%2Fmedia&parent=19411"}],"wp:term":[{"taxonomy":"category","embeddable":true,"href":"http:\/\/rurallascolonias.com.ar\/index.php?rest_route=%2Fwp%2Fv2%2Fcategories&post=19411"},{"taxonomy":"post_tag","embeddable":true,"href":"http:\/\/rurallascolonias.com.ar\/index.php?rest_route=%2Fwp%2Fv2%2Ftags&post=19411"}],"curies":[{"name":"wp","href":"https:\/\/api.w.org\/{rel}","templated":true}]}}