{"id":19397,"date":"2021-02-11T21:57:04","date_gmt":"2021-02-11T21:57:04","guid":{"rendered":"http:\/\/rurallascolonias.com.ar\/?p=19397"},"modified":"2021-02-11T21:57:04","modified_gmt":"2021-02-11T21:57:04","slug":"por-derrumbe-de-la-rentabilidad-y-retenciones-peligran-10-000-tambos-que-piden-al-gobierno","status":"publish","type":"post","link":"http:\/\/rurallascolonias.com.ar\/?p=19397","title":{"rendered":"POR DERRUMBE DE LA RENTABILIDAD Y RETENCIONES PELIGRAN 10.000 TAMBOS: QU\u00c9 PIDEN AL GOBIERNO"},"content":{"rendered":"<p><strong><em><a href=\"http:\/\/rurallascolonias.com.ar\/?attachment_id=11450\" rel=\"attachment wp-att-11450\"><img loading=\"lazy\" class=\"aligncenter size-full wp-image-11450\" src=\"http:\/\/rurallascolonias.com.ar\/wp-content\/uploads\/2016\/07\/tambo.jpg\" alt=\"\" width=\"648\" height=\"335\" srcset=\"http:\/\/rurallascolonias.com.ar\/wp-content\/uploads\/2016\/07\/tambo.jpg 648w, http:\/\/rurallascolonias.com.ar\/wp-content\/uploads\/2016\/07\/tambo-300x155.jpg 300w, http:\/\/rurallascolonias.com.ar\/wp-content\/uploads\/2016\/07\/tambo-600x310.jpg 600w, http:\/\/rurallascolonias.com.ar\/wp-content\/uploads\/2016\/07\/tambo-624x323.jpg 624w\" sizes=\"(max-width: 648px) 100vw, 648px\" \/><\/a>Los productores perciben precios deprimidos mientras la inflaci\u00f3n y el valor del d\u00f3lar complican los costos. Detalles de un escenario dram\u00e1tico<\/em><\/strong><!--more--><\/p>\n<p>En una nueva ofensiva contra el Gobierno, las entidades del campo nucleadas en la Mesa de Enlace salieron a reclamar medidas urgentes para el sector l\u00e1cteo. Y argumentaron que, de mantenerse los precios actuales que percibe el productor, la actividad terminar\u00e1 por extinguirse en el corto plazo.<\/p>\n<p>Coninagro, CRA, Federaci\u00f3n Agraria y la Sociedad Rural expusieron que los tamberos recaudan hoy lo mismo que a mediados de 2020 siendo que, en dicho per\u00edodo, se dispararon variables como el precio internacional del ma\u00edz -insumo clave para el segmento-, aumentaron las retenciones para las exportaciones de l\u00e1cteos y, adem\u00e1s, el consumo no repunta por efecto de la recesi\u00f3n dominante.<\/p>\n<p>A trav\u00e9s de un comunicado al que accedi\u00f3 iProfesional, las organizaciones informaron que peligra la continuidad de al menos 10.000 tambos, aparte de se\u00f1alar que los productores carecen de incentivos y cargan tambi\u00e9n con una presi\u00f3n impositiva asfixiante.<\/p>\n<p>\u00abDesde mediados de 2020 el productor est\u00e1 recibiendo un precio insuficiente, por su leche en tranquera de tambo. Actualmente con los 21,36 pesos por litro no se llega a cubrir los costos de producci\u00f3n, que est\u00e1n dolarizados en un 80 por ciento, no recibimos ning\u00fan incentivo y nuestra carga impositiva es much\u00edsimo m\u00e1s alta que en el resto del mundo\u00bb, se\u00f1alaron.<\/p>\n<p>\u00abM\u00e1s aun, en el contexto global actual, los productores argentinos somos los que recibimos el precio m\u00e1s bajo, 0,24 d\u00f3lares por litro, muy lejos de los 0,33 por litro hist\u00f3ricos, que se requieren para cubrir los costos de producci\u00f3n medios. Nuestros competidores a nivel mundial, as\u00ed como nuestro vecino Brasil, reciben hoy hasta 0,44 d\u00f3lares por litro, con costos equivalentes y\/o menores a los nuestros\u00bb, a\u00f1adieron.<\/p>\n<p>Desde la Mesa de Enlace afirmaron que el escenario de crisis que atraviesa la actividad \u00abest\u00e1 fuertemente influenciada por el programa de Precios Cuidados, as\u00ed como el desincentivo a la exportaci\u00f3n que presentan las retenciones y los \u00ednfimos reintegros. Estamos exportando impuestos\u00bb.<\/p>\n<p>\u00ab\u2026 debemos reemplazar propuestas que distorsionan el mercado, que ya fracasaron y no se aplican en el mundo, por medidas que posibiliten la actividad econ\u00f3mica del sector, el acceso a los productos l\u00e1cteos esenciales a los sectores m\u00e1s desprotegidos de la sociedad, con medidas que focalicen la demanda, y que al mismo tiempo posibilite el ingreso de divisas que el pa\u00eds tanto necesita\u00bb, concluy\u00f3 el bloque de entidades.<\/p>\n<p>El malestar expuesto nuevamente por el campo coincide con la decisi\u00f3n oficial de extender el programa de Precios M\u00e1ximos hasta el 31 de marzo.<\/p>\n<p>Y no s\u00f3lo eso: mediante la resoluci\u00f3n 112\/2021 el Gobierno intim\u00f3 a los productores de alimentos \u00aba incrementar su producci\u00f3n hasta el m\u00e1ximo de su capacidad instalada y a arbitrar las medidas conducentes para asegurar su transporte y provisi\u00f3n durante el per\u00edodo de vigencia de la presente medida\u00bb.<\/p>\n<p>En torno a asociaciones del sector l\u00e1cteo consultadas por iProfesional se\u00f1alan que la continuidad derivar\u00e1, inevitablemente, en la par\u00e1lisis de establecimientos productores y el remate del ganado lechero.<\/p>\n<p>\u00abNo hay resto econ\u00f3mico para seguir adelante. Casi el 80 por ciento de los tambos en actividad pertenecen a productores chicos y ultra endeudados. Vamos camino a otra oleada de cierres definitivo\u00bb, anticip\u00f3 un referente de la actividad, en estricto off the record.<\/p>\n<p>Sem\u00e1foro en rojo<\/p>\n<p>A tono con esto, Coninagro expuso en su sem\u00e1foro de seguimiento del rubro que la actividad lechera est\u00e1 \u00aben rojo y con pron\u00f3stico reservado\u00bb.<\/p>\n<p>\u00abEl consumo interno y las exportaciones, estimaciones del tercer componente, se mantienen estables en volumen, no as\u00ed en valor, lo que no alcanza a compensar el efecto negativo del primer componente. Por caso, en diciembre la variaci\u00f3n interanual del precio fue de s\u00f3lo 27 por ciento, muy por debajo de la inflaci\u00f3n, y de la propia suba de costos, que se estiman en por lo menos 43 por ciento en el mismo per\u00edodo\u00bb, se\u00f1al\u00f3.<\/p>\n<p>\u00abLa disminuci\u00f3n del poder adquisitivo del consumo gener\u00f3 que los productos l\u00e1cteos tengan un menor valor global, lo que se traslada al precio por litro y componente, al tambo\u00bb, a\u00f1adi\u00f3.<\/p>\n<p>Respecto de este escenario, Daniel Kindebaluc, secretario general de Coninagro, expres\u00f3 que \u00abse prev\u00e9 que los meses pr\u00f3ximos la actividad se seguir\u00e1 resintiendo\u00bb. Y, desde esa perspectiva, pronostic\u00f3 un \u00abcierre de tambos y achique en la producci\u00f3n\u00bb.<\/p>\n<p>\u00abEn lo que compete al mercado externo, las retenciones al sector subieron un 1 por ciento, de 3 y 4 pesos por d\u00f3lar a un porcentaje fijo, y con la suba del tipo de cambio aumentaron un poco. Por todos los impuestos que pagamos consideramos que deber\u00edamos recuperar algo con reintegros a las exportaciones\u00bb, dijo.<\/p>\n<p>Para luego concluir: \u00ab\u00bbLos costos al productor del tambo han subido, as\u00ed como la alimentaci\u00f3n a animales, que se compone de ma\u00edz, y esto provoca un atraso en los precios. Estamos en un momento en que evaluamos si hacer \u2018caja\u2019 el ma\u00edz que tiene el productor en el campo o hacer \u2018bolsa\u2019 de reserva para alimentar a los animales para el invierno. Es una encrucijada dif\u00edcil de sostener y los m\u00e1s afectados son los peque\u00f1os y medianos productores\u00bb.<\/p>\n<p><span class=\"color-blue\">Por\u00a0<\/span><b>Patricio Eleisegui<\/b>\u00a0<span class=\"color-blue\">Fuente\u00a0<\/span><b><a href=\"https:\/\/www.iprofesional.com\/negocios\/332695-leche-por-rentabilidad-y-retenciones-peligran-10-000-tambos\" target=\"_blank\" rel=\"noopener noreferrer\">iProfesional<\/a><\/b><\/p>\n","protected":false},"excerpt":{"rendered":"<p>Los productores perciben precios deprimidos mientras la inflaci\u00f3n y el valor del d\u00f3lar complican los costos. Detalles de un escenario dram\u00e1tico<\/p>\n","protected":false},"author":5,"featured_media":0,"comment_status":"open","ping_status":"open","sticky":false,"template":"","format":"standard","meta":[],"categories":[1],"tags":[],"_links":{"self":[{"href":"http:\/\/rurallascolonias.com.ar\/index.php?rest_route=\/wp\/v2\/posts\/19397"}],"collection":[{"href":"http:\/\/rurallascolonias.com.ar\/index.php?rest_route=\/wp\/v2\/posts"}],"about":[{"href":"http:\/\/rurallascolonias.com.ar\/index.php?rest_route=\/wp\/v2\/types\/post"}],"author":[{"embeddable":true,"href":"http:\/\/rurallascolonias.com.ar\/index.php?rest_route=\/wp\/v2\/users\/5"}],"replies":[{"embeddable":true,"href":"http:\/\/rurallascolonias.com.ar\/index.php?rest_route=%2Fwp%2Fv2%2Fcomments&post=19397"}],"version-history":[{"count":1,"href":"http:\/\/rurallascolonias.com.ar\/index.php?rest_route=\/wp\/v2\/posts\/19397\/revisions"}],"predecessor-version":[{"id":19399,"href":"http:\/\/rurallascolonias.com.ar\/index.php?rest_route=\/wp\/v2\/posts\/19397\/revisions\/19399"}],"wp:attachment":[{"href":"http:\/\/rurallascolonias.com.ar\/index.php?rest_route=%2Fwp%2Fv2%2Fmedia&parent=19397"}],"wp:term":[{"taxonomy":"category","embeddable":true,"href":"http:\/\/rurallascolonias.com.ar\/index.php?rest_route=%2Fwp%2Fv2%2Fcategories&post=19397"},{"taxonomy":"post_tag","embeddable":true,"href":"http:\/\/rurallascolonias.com.ar\/index.php?rest_route=%2Fwp%2Fv2%2Ftags&post=19397"}],"curies":[{"name":"wp","href":"https:\/\/api.w.org\/{rel}","templated":true}]}}