{"id":19387,"date":"2021-02-06T13:27:55","date_gmt":"2021-02-06T13:27:55","guid":{"rendered":"http:\/\/rurallascolonias.com.ar\/?p=19387"},"modified":"2021-02-06T13:27:55","modified_gmt":"2021-02-06T13:27:55","slug":"el-consumo-interno-de-productos-lacteos-crecio-un-5-por-ciento","status":"publish","type":"post","link":"http:\/\/rurallascolonias.com.ar\/?p=19387","title":{"rendered":"EL CONSUMO INTERNO DE PRODUCTOS L\u00c1CTEOS CRECI\u00d3 UN 5 POR CIENTO"},"content":{"rendered":"<p><em><strong><a href=\"http:\/\/rurallascolonias.com.ar\/?attachment_id=11904\" rel=\"attachment wp-att-11904\"><img loading=\"lazy\" class=\"aligncenter size-full wp-image-11904\" src=\"http:\/\/rurallascolonias.com.ar\/wp-content\/uploads\/2016\/09\/productos-l\u00e1cteos.jpg\" alt=\"\" width=\"120\" height=\"120\" \/><\/a>Los datos surgen del Balance L\u00e1cteo Anual publicado por la Direcci\u00f3n Nacional de Lecher\u00eda del Ministerio y adquieren una relevancia mayor si se tiene en cuenta que los n\u00fameros ven\u00edan bajando en los \u00faltimos 4 a\u00f1os<\/strong><\/em><!--more--><\/p>\n<p>Los datos surgen del Balance L\u00e1cteo Anual publicado por la Direcci\u00f3n Nacional de Lecher\u00eda del Ministerio y adquieren una relevancia mayor si se tiene en cuenta que los n\u00fameros ven\u00edan bajando en los \u00faltimos 4 a\u00f1os<\/p>\n<p>El Ministerio de Agricultura, Ganader\u00eda y Pesca de la Naci\u00f3n, a trav\u00e9s de la Direcci\u00f3n Nacional de Lecher\u00eda, informa que el consumo interno de productos l\u00e1cteos se increment\u00f3 5% durante 2020, revirtiendo la ca\u00edda de los \u00faltimos cuatro a\u00f1os.<\/p>\n<p>En este sentido, durante el a\u00f1o pasado se alcanzaron los 190.9 litros per c\u00e1pita, marcando as\u00ed un crecimiento desde los 182.2 litros per c\u00e1pita del 2019.<\/p>\n<p>Por su parte, la exportaci\u00f3n de productos l\u00e1cteos creci\u00f3 casi un 19% en relaci\u00f3n 2019 (que representa 23% en toneladas y d\u00f3lares), seg\u00fan se desprende de los resultados del Balance L\u00e1cteo Anual publicado hoy.<\/p>\n<p>\u00abSe trata de n\u00fameros importantes para la cadena l\u00e1ctea, en un a\u00f1o en el que tuvimos que afrontar las dificultades ocasionadas por la pandemia y que ha mostrado la capacidad del sector para sostener e incrementar la producci\u00f3n para garantizar el abastecimiento interno y mejorar los niveles de exportaciones\u00bb, expres\u00f3 el Director Nacional de Lecher\u00eda, Arturo Videla.<\/p>\n<p>Los n\u00fameros del informe producido por el \u00e1rea de estad\u00edstica de la direcci\u00f3n muestran, adem\u00e1s, un crecimiento del 7%, en comparaci\u00f3n al a\u00f1o anterior, de la producci\u00f3n primaria, mientras que las importaciones disminuyeron un 47%.<\/p>\n<p><span class=\"color-blue\">Por\u00a0<\/span><b>11 Noticias<\/b><\/p>\n","protected":false},"excerpt":{"rendered":"<p>Los datos surgen del Balance L\u00e1cteo Anual publicado por la Direcci\u00f3n Nacional de Lecher\u00eda del Ministerio y adquieren una relevancia mayor si se tiene en cuenta que los n\u00fameros ven\u00edan bajando en los \u00faltimos 4 a\u00f1os<\/p>\n","protected":false},"author":5,"featured_media":0,"comment_status":"open","ping_status":"open","sticky":false,"template":"","format":"standard","meta":[],"categories":[42],"tags":[421,1463],"_links":{"self":[{"href":"http:\/\/rurallascolonias.com.ar\/index.php?rest_route=\/wp\/v2\/posts\/19387"}],"collection":[{"href":"http:\/\/rurallascolonias.com.ar\/index.php?rest_route=\/wp\/v2\/posts"}],"about":[{"href":"http:\/\/rurallascolonias.com.ar\/index.php?rest_route=\/wp\/v2\/types\/post"}],"author":[{"embeddable":true,"href":"http:\/\/rurallascolonias.com.ar\/index.php?rest_route=\/wp\/v2\/users\/5"}],"replies":[{"embeddable":true,"href":"http:\/\/rurallascolonias.com.ar\/index.php?rest_route=%2Fwp%2Fv2%2Fcomments&post=19387"}],"version-history":[{"count":1,"href":"http:\/\/rurallascolonias.com.ar\/index.php?rest_route=\/wp\/v2\/posts\/19387\/revisions"}],"predecessor-version":[{"id":19388,"href":"http:\/\/rurallascolonias.com.ar\/index.php?rest_route=\/wp\/v2\/posts\/19387\/revisions\/19388"}],"wp:attachment":[{"href":"http:\/\/rurallascolonias.com.ar\/index.php?rest_route=%2Fwp%2Fv2%2Fmedia&parent=19387"}],"wp:term":[{"taxonomy":"category","embeddable":true,"href":"http:\/\/rurallascolonias.com.ar\/index.php?rest_route=%2Fwp%2Fv2%2Fcategories&post=19387"},{"taxonomy":"post_tag","embeddable":true,"href":"http:\/\/rurallascolonias.com.ar\/index.php?rest_route=%2Fwp%2Fv2%2Ftags&post=19387"}],"curies":[{"name":"wp","href":"https:\/\/api.w.org\/{rel}","templated":true}]}}