{"id":19383,"date":"2021-02-01T19:48:04","date_gmt":"2021-02-01T19:48:04","guid":{"rendered":"http:\/\/rurallascolonias.com.ar\/?p=19383"},"modified":"2021-02-01T21:51:21","modified_gmt":"2021-02-01T21:51:21","slug":"santa-fe-y-cordoba-establecieron-una-agenda-de-trabajo-conjunta-para-la-lecheria","status":"publish","type":"post","link":"http:\/\/rurallascolonias.com.ar\/?p=19383","title":{"rendered":"SANTA FE Y C\u00d3RDOBA ESTABLECIERON UNA AGENDA DE TRABAJO CONJUNTA PARA LA LECHER\u00cdA"},"content":{"rendered":"<p><em><strong><a href=\"http:\/\/rurallascolonias.com.ar\/?attachment_id=19384\" rel=\"attachment wp-att-19384\"><img loading=\"lazy\" class=\"aligncenter size-full wp-image-19384\" src=\"http:\/\/rurallascolonias.com.ar\/wp-content\/uploads\/2021\/02\/La-producci\u00f3n-de-leche.jpg\" alt=\"\" width=\"750\" height=\"422\" srcset=\"http:\/\/rurallascolonias.com.ar\/wp-content\/uploads\/2021\/02\/La-producci\u00f3n-de-leche.jpg 750w, http:\/\/rurallascolonias.com.ar\/wp-content\/uploads\/2021\/02\/La-producci\u00f3n-de-leche-300x169.jpg 300w, http:\/\/rurallascolonias.com.ar\/wp-content\/uploads\/2021\/02\/La-producci\u00f3n-de-leche-600x338.jpg 600w, http:\/\/rurallascolonias.com.ar\/wp-content\/uploads\/2021\/02\/La-producci\u00f3n-de-leche-624x351.jpg 624w\" sizes=\"(max-width: 750px) 100vw, 750px\" \/><\/a>El ministro de Producci\u00f3n, Ciencia y Tecnolog\u00eda, Daniel Costamagna, junto a su par de Agricultura de C\u00f3rdoba, Sergio Busso, encabezaron el viernes en la ciudad de San Francisco, C\u00f3rdoba, un encuentro de los equipos t\u00e9cnicos de las \u00e1reas de lecher\u00eda de ambas provincias<\/strong><\/em><!--more--><\/p>\n<p>La reuni\u00f3n, que tuvo lugar en la Sociedad Rural de esa localidad, se llev\u00f3 adelante con el objetivo de delinear una agenda de trabajo conjunta para el apoyo y desarrollo al sector, de cara al 2021.<\/p>\n<p>Luego del encuentro, Costamagna destac\u00f3 que \u201charemos foco en un fuerte est\u00edmulo a las exportaciones, pidiendo una reconsideraci\u00f3n de los aranceles para la leche en polvo y los quesos, buscando generar una mayor competitividad en toda la cadena lechera\u00bb.<\/p>\n<p>\u201cEl encuentro fue el primero de un cronograma que reunir\u00e1 peri\u00f3dicamente a los equipos t\u00e9cnicos de ambas provincias, con el objetivo de trabajar de manera conjunta\u201d, inform\u00f3 el ministro.<\/p>\n<p>Entre otros puntos que se trataron en la mesa, cada provincia se explay\u00f3 sobre las pol\u00edticas con respecto a viviendas y caminos rurales; financiamiento para el sector; mejora en la calidad mediante asesoramientos t\u00e9cnicos; fortalecimiento del valor agregado; y control de buenas pr\u00e1cticas, entre otros.<\/p>\n<p>Adem\u00e1s, decidieron plantear en forma conjunta ante el Consejo Federal Lechero la necesidad de que la actividad sea considerada como econom\u00eda regional para encarar mejoras a nivel estructural.<\/p>\n<p>Costamagna estuvo acompa\u00f1ado por la subsecretaria de Coordinaci\u00f3n Agroalimentaria, Mar\u00eda Eugenia Carrizo, y el director de Producci\u00f3n Lechera y Av\u00edcola, Abel Zenklusen.<\/p>\n<p>Fuente: Lecher\u00eda Latina<\/p>\n","protected":false},"excerpt":{"rendered":"<p>El ministro de Producci\u00f3n, Ciencia y Tecnolog\u00eda, Daniel Costamagna, junto a su par de Agricultura de C\u00f3rdoba, Sergio Busso, encabezaron el viernes en la ciudad de San Francisco, C\u00f3rdoba, un encuentro de los equipos t\u00e9cnicos de las \u00e1reas de lecher\u00eda de ambas provincias<\/p>\n","protected":false},"author":5,"featured_media":0,"comment_status":"open","ping_status":"open","sticky":false,"template":"","format":"standard","meta":[],"categories":[14],"tags":[2698,682,119],"_links":{"self":[{"href":"http:\/\/rurallascolonias.com.ar\/index.php?rest_route=\/wp\/v2\/posts\/19383"}],"collection":[{"href":"http:\/\/rurallascolonias.com.ar\/index.php?rest_route=\/wp\/v2\/posts"}],"about":[{"href":"http:\/\/rurallascolonias.com.ar\/index.php?rest_route=\/wp\/v2\/types\/post"}],"author":[{"embeddable":true,"href":"http:\/\/rurallascolonias.com.ar\/index.php?rest_route=\/wp\/v2\/users\/5"}],"replies":[{"embeddable":true,"href":"http:\/\/rurallascolonias.com.ar\/index.php?rest_route=%2Fwp%2Fv2%2Fcomments&post=19383"}],"version-history":[{"count":1,"href":"http:\/\/rurallascolonias.com.ar\/index.php?rest_route=\/wp\/v2\/posts\/19383\/revisions"}],"predecessor-version":[{"id":19385,"href":"http:\/\/rurallascolonias.com.ar\/index.php?rest_route=\/wp\/v2\/posts\/19383\/revisions\/19385"}],"wp:attachment":[{"href":"http:\/\/rurallascolonias.com.ar\/index.php?rest_route=%2Fwp%2Fv2%2Fmedia&parent=19383"}],"wp:term":[{"taxonomy":"category","embeddable":true,"href":"http:\/\/rurallascolonias.com.ar\/index.php?rest_route=%2Fwp%2Fv2%2Fcategories&post=19383"},{"taxonomy":"post_tag","embeddable":true,"href":"http:\/\/rurallascolonias.com.ar\/index.php?rest_route=%2Fwp%2Fv2%2Ftags&post=19383"}],"curies":[{"name":"wp","href":"https:\/\/api.w.org\/{rel}","templated":true}]}}