{"id":19368,"date":"2021-01-26T21:38:33","date_gmt":"2021-01-26T21:38:33","guid":{"rendered":"http:\/\/rurallascolonias.com.ar\/?p=19368"},"modified":"2021-01-26T21:38:33","modified_gmt":"2021-01-26T21:38:33","slug":"el-ministro-de-la-produccion-visito-esperanza","status":"publish","type":"post","link":"http:\/\/rurallascolonias.com.ar\/?p=19368","title":{"rendered":"EL MINISTRO DE LA PRODUCCI\u00d3N VISIT\u00d3 ESPERANZA"},"content":{"rendered":"<p><em><strong><a href=\"http:\/\/rurallascolonias.com.ar\/?attachment_id=19374\" rel=\"attachment wp-att-19374\"><img loading=\"lazy\" class=\"aligncenter size-full wp-image-19374\" src=\"http:\/\/rurallascolonias.com.ar\/wp-content\/uploads\/2021\/01\/IMG-20210126-WA0013.jpg\" alt=\"\" width=\"960\" height=\"1280\" srcset=\"http:\/\/rurallascolonias.com.ar\/wp-content\/uploads\/2021\/01\/IMG-20210126-WA0013.jpg 960w, http:\/\/rurallascolonias.com.ar\/wp-content\/uploads\/2021\/01\/IMG-20210126-WA0013-225x300.jpg 225w, http:\/\/rurallascolonias.com.ar\/wp-content\/uploads\/2021\/01\/IMG-20210126-WA0013-768x1024.jpg 768w, http:\/\/rurallascolonias.com.ar\/wp-content\/uploads\/2021\/01\/IMG-20210126-WA0013-600x800.jpg 600w, http:\/\/rurallascolonias.com.ar\/wp-content\/uploads\/2021\/01\/IMG-20210126-WA0013-624x832.jpg 624w\" sizes=\"(max-width: 960px) 100vw, 960px\" \/><\/a>El Ministro Daniel Costamagna, estuvo en horas del mediod\u00eda en el Sal\u00f3n Blanco de la Municipalidad.\u00a0 El motivo de su presencia tuvo que ver con una nueva l\u00ednea de cr\u00e9ditos que lanza la Provincia por medio de ACADER<\/strong><\/em><!--more--><\/p>\n<p><a href=\"http:\/\/rurallascolonias.com.ar\/?attachment_id=19375\" rel=\"attachment wp-att-19375\"><img loading=\"lazy\" class=\"aligncenter size-full wp-image-19375\" src=\"http:\/\/rurallascolonias.com.ar\/wp-content\/uploads\/2021\/01\/IMG-20210126-WA0017.jpg\" alt=\"\" width=\"960\" height=\"1280\" srcset=\"http:\/\/rurallascolonias.com.ar\/wp-content\/uploads\/2021\/01\/IMG-20210126-WA0017.jpg 960w, http:\/\/rurallascolonias.com.ar\/wp-content\/uploads\/2021\/01\/IMG-20210126-WA0017-225x300.jpg 225w, http:\/\/rurallascolonias.com.ar\/wp-content\/uploads\/2021\/01\/IMG-20210126-WA0017-768x1024.jpg 768w, http:\/\/rurallascolonias.com.ar\/wp-content\/uploads\/2021\/01\/IMG-20210126-WA0017-600x800.jpg 600w, http:\/\/rurallascolonias.com.ar\/wp-content\/uploads\/2021\/01\/IMG-20210126-WA0017-624x832.jpg 624w\" sizes=\"(max-width: 960px) 100vw, 960px\" \/><\/a>Costamagna: <em>\u00abDesde la Provincia se est\u00e1 trabajando en todo el territorio a trav\u00e9s de todo el equipo de Desarrollo Territorial en este tema de Asociaci\u00f3n y Defensa para el Desarrollo\u00bb<\/em>. Esta Agencia consiste en que, desde el gobierno provincial se trabaje por la articulaci\u00f3n de las Agencias de Desarrollo Regional, que funcionan integradas por empresarios Pyme locales y representantes de gobiernos municipales. Sirven como ventanilla para gesti\u00f3n de cr\u00e9ditos, subsidios y otras herramientas de financiamiento. Prestan servicios asesorando en comercializaci\u00f3n, creando pooles de compra para comercios minoristas, o implementando programas de calidad, dise\u00f1o y tecnolog\u00eda de fabricaci\u00f3n, entre otros. Las Agencias forman parte de la Red de Asistencia T\u00e9cnica Provincial para la industria santafesina, junto a instituciones del sector p\u00fablico y privado.<\/p>\n<p><em>\u00abSe ha hecho un gran esfuerzo que lo vemos como inversi\u00f3n ya que en un a\u00f1o tan complejo como fue el 2020 en este esquema se ha bajado, a trav\u00e9s de estas Asociaciones m\u00e1s de $200 millones. A eso se le suma los aportes no reintegrables que se les hizo a los sectores m\u00e1s afectados. A aquellos que tuvieron que parar sus actividades. Dicha inversi\u00f3n se hizo eco en la r\u00e1pida recuperaci\u00f3n de la econom\u00eda de Santa Fe. Y esto pudo ser posible gracias al enorme esfuerzo tanto de Presidentes Comunales, como Intendentes, de las Entidades vinculadas a este amplio abanico productivo que tiene la provincia\u00bb,\u00a0<\/em>dice el Ministro.<\/p>\n<p><em>\u00abPor otro lado se ha trabajado en aportes no reintegrables. Alrededor de $900 millones. Y tambi\u00e9n en otro esquema innovador a trav\u00e9s de Mutuales, a trav\u00e9s de las cuales se han bajado unos $300 millones. Con tasas tambi\u00e9n subsidiadas por el Gobierno de Santa Fe\u00bb.\u00a0<\/em><em>Adem\u00e1s se articula con el Gobierno Nacional, con el Ministerio de Desarrollo Productivo en lo que tiene que ver con Cr\u00e9ditos para emprendedores, Pymes, etc\u00bb<\/em><\/p>\n<p>El Objetivo es que todas las empresas conozcan este Esquema crediticio que propone el Gobierno Nacional. Esta articulaci\u00f3n hizo posible que la Provincia de Santa Fe sea el epicentro, no s\u00f3lo de las inversiones productivas y tecnol\u00f3gicas sino que haya tenido un importante rebote en cuanto a la actividad comercial, industrial y productiva.<\/p>\n<p>El Ministro es optimista de que de seguir trabajando de esta manera se saldr\u00e1 de esta complicada situaci\u00f3n que atraviesa no s\u00f3lo la provincia sino el pa\u00eds en general.<\/p>\n<p>Del encuentro participaron la Intendente Ana Mar\u00eda Meiners y sus Secretarios, empresarios del sector privado, representantes de Instituciones de la ciudad y del Departamento Las Colonias.<\/p>\n<p>Sociedad Rural de Las Colonias<\/p>\n","protected":false},"excerpt":{"rendered":"<p>El Ministro Daniel Costamagna, estuvo en horas del mediod\u00eda en el Sal\u00f3n Blanco de la Municipalidad.\u00a0 El motivo de su presencia tuvo que ver con una nueva l\u00ednea de cr\u00e9ditos que lanza la Provincia por medio de ACADER<\/p>\n","protected":false},"author":5,"featured_media":0,"comment_status":"open","ping_status":"open","sticky":false,"template":"","format":"standard","meta":[],"categories":[1393],"tags":[954,4290],"_links":{"self":[{"href":"http:\/\/rurallascolonias.com.ar\/index.php?rest_route=\/wp\/v2\/posts\/19368"}],"collection":[{"href":"http:\/\/rurallascolonias.com.ar\/index.php?rest_route=\/wp\/v2\/posts"}],"about":[{"href":"http:\/\/rurallascolonias.com.ar\/index.php?rest_route=\/wp\/v2\/types\/post"}],"author":[{"embeddable":true,"href":"http:\/\/rurallascolonias.com.ar\/index.php?rest_route=\/wp\/v2\/users\/5"}],"replies":[{"embeddable":true,"href":"http:\/\/rurallascolonias.com.ar\/index.php?rest_route=%2Fwp%2Fv2%2Fcomments&post=19368"}],"version-history":[{"count":5,"href":"http:\/\/rurallascolonias.com.ar\/index.php?rest_route=\/wp\/v2\/posts\/19368\/revisions"}],"predecessor-version":[{"id":19376,"href":"http:\/\/rurallascolonias.com.ar\/index.php?rest_route=\/wp\/v2\/posts\/19368\/revisions\/19376"}],"wp:attachment":[{"href":"http:\/\/rurallascolonias.com.ar\/index.php?rest_route=%2Fwp%2Fv2%2Fmedia&parent=19368"}],"wp:term":[{"taxonomy":"category","embeddable":true,"href":"http:\/\/rurallascolonias.com.ar\/index.php?rest_route=%2Fwp%2Fv2%2Fcategories&post=19368"},{"taxonomy":"post_tag","embeddable":true,"href":"http:\/\/rurallascolonias.com.ar\/index.php?rest_route=%2Fwp%2Fv2%2Ftags&post=19368"}],"curies":[{"name":"wp","href":"https:\/\/api.w.org\/{rel}","templated":true}]}}