{"id":19359,"date":"2021-01-21T13:09:15","date_gmt":"2021-01-21T13:09:15","guid":{"rendered":"http:\/\/rurallascolonias.com.ar\/?p=19359"},"modified":"2021-01-21T13:09:15","modified_gmt":"2021-01-21T13:09:15","slug":"el-presidente-de-la-rural-presente-en-la-audiencia-con-el-gobierno-municipal","status":"publish","type":"post","link":"http:\/\/rurallascolonias.com.ar\/?p=19359","title":{"rendered":"EL PRESIDENTE DE LA RURAL PRESENTE EN LA AUDIENCIA CON EL GOBIERNO MUNICIPAL"},"content":{"rendered":"<h5><em><a href=\"http:\/\/rurallascolonias.com.ar\/?attachment_id=19360\" rel=\"attachment wp-att-19360\"><img loading=\"lazy\" class=\"aligncenter size-full wp-image-19360\" src=\"http:\/\/rurallascolonias.com.ar\/wp-content\/uploads\/2021\/01\/20210120_112412.jpg\" alt=\"\" width=\"4128\" height=\"2322\" srcset=\"http:\/\/rurallascolonias.com.ar\/wp-content\/uploads\/2021\/01\/20210120_112412.jpg 4128w, http:\/\/rurallascolonias.com.ar\/wp-content\/uploads\/2021\/01\/20210120_112412-300x169.jpg 300w, http:\/\/rurallascolonias.com.ar\/wp-content\/uploads\/2021\/01\/20210120_112412-768x432.jpg 768w, http:\/\/rurallascolonias.com.ar\/wp-content\/uploads\/2021\/01\/20210120_112412-1024x576.jpg 1024w, http:\/\/rurallascolonias.com.ar\/wp-content\/uploads\/2021\/01\/20210120_112412-600x338.jpg 600w, http:\/\/rurallascolonias.com.ar\/wp-content\/uploads\/2021\/01\/20210120_112412-624x351.jpg 624w\" sizes=\"(max-width: 4128px) 100vw, 4128px\" \/><\/a>La intendente y sus secretarios recibieron a los representantes de UCOES, Sociedad Rural y Vecinal Sur Segunda ya que d\u00edas atr\u00e1s pidieron por medio de nota al Concejo Deliberante se postergue el aumento de las tasas. Las autoridades propusieron que sea s\u00f3lo para el sector comercial para quienes adhieran al Programa Billetera Santa Fe<\/em><\/h5>\n<p><!--more--><\/p>\n<p>Integrantes del Gobierno de la Ciudad de Esperanza, recibieron una vez m\u00e1s a miembros de UCOES, en esta oportunidad el encuentro sirvi\u00f3 para que, los representantes del inter\u00e9s de todos los vecinos de la ciudad confirmen su postura de no postergar de manera general el aumento de las tasas municipales.<\/p>\n<p><em>\u201cLa voluntad pol\u00edtica es siempre la equidad, y el acompa\u00f1amiento irrestricto, con soluciones justas, a los protagonistas de las actividades que hacen de la ciudad, un espacio en permanente crecimiento, din\u00e1mica \u00e9sta que requiere del acompa\u00f1amiento en tiempo y forma de obras y servicios, cuya \u00a0financiaci\u00f3n viene del cobro de las tasas, de ah\u00ed que la solicitud planteada oportunamente por UCOES, vecinal sur segunda nominaci\u00f3n y la Sociedad Rural sea muy dif\u00edcil e injusta de aplicar\u201d<\/em>\u00a0aseguran fuentes gubernamentales.<\/p>\n<p><strong>Acompa\u00f1ando a quienes as\u00ed lo necesitan:<\/strong><\/p>\n<p><a href=\"http:\/\/rurallascolonias.com.ar\/?attachment_id=19361\" rel=\"attachment wp-att-19361\"><img loading=\"lazy\" class=\"aligncenter size-full wp-image-19361\" src=\"http:\/\/rurallascolonias.com.ar\/wp-content\/uploads\/2021\/01\/20210120_112307.jpg\" alt=\"\" width=\"4128\" height=\"2322\" srcset=\"http:\/\/rurallascolonias.com.ar\/wp-content\/uploads\/2021\/01\/20210120_112307.jpg 4128w, http:\/\/rurallascolonias.com.ar\/wp-content\/uploads\/2021\/01\/20210120_112307-300x169.jpg 300w, http:\/\/rurallascolonias.com.ar\/wp-content\/uploads\/2021\/01\/20210120_112307-768x432.jpg 768w, http:\/\/rurallascolonias.com.ar\/wp-content\/uploads\/2021\/01\/20210120_112307-1024x576.jpg 1024w, http:\/\/rurallascolonias.com.ar\/wp-content\/uploads\/2021\/01\/20210120_112307-600x338.jpg 600w, http:\/\/rurallascolonias.com.ar\/wp-content\/uploads\/2021\/01\/20210120_112307-624x351.jpg 624w\" sizes=\"(max-width: 4128px) 100vw, 4128px\" \/><\/a>Desde el Gobierno de la Ciudad se confirma la propuesta de trabajar en una resoluci\u00f3n que exima del pago total de la tasa y DREI a las actividades a\u00fan no habilitadas a desarrollarse en el marco de la pandemia desde el momento de la solicitud hasta 6 meses posteriores al reinicio.<\/p>\n<p>Tambi\u00e9n se propone eximir a los comercios que adhieran al Programa Billetera Santa Fe, por el plazo de 6 meses del aumento de tasa que le correspondiera y a su vez deducir del DREI el monto de la facturaci\u00f3n sea producto de las compras realizadas con la billetera Santa Fe.<\/p>\n<p>El objetivo de alentar este programa es doble, por un lado los comercios pueden incentivar sus ventas y el vecino obtener descuentos de hasta el 30% de consumos b\u00e1sicos. Estos descuentos que se reintegran en la billetera vuelven en futuras compras a los comercios adheridos. Es importante para implementar de la mejor forma este programa la participaci\u00f3n de las entidades comerciales, por eso fue parte tambi\u00e9n de esta reuni\u00f3n el CICAE.<\/p>\n<p><em>\u201cEstas acciones entendemos son las posibles y m\u00e1s efectivas para no comprometer la administraci\u00f3n y a su vez favorecer a los sectores m\u00e1s perjudicados por la actual situaci\u00f3n que dada obviamente por la pandemia que a\u00fan estamos transitando y por lo menos dos a\u00f1os anteriores con ca\u00eddas del consumo y recesi\u00f3n\u201d<\/em>\u00a0coinciden en confirmar desde la administraci\u00f3n Meiners.<\/p>\n<p>Fuente: EDXD<\/p>\n","protected":false},"excerpt":{"rendered":"<p>La intendente y sus secretarios recibieron a los representantes de UCOES, Sociedad Rural y Vecinal Sur Segunda ya que d\u00edas atr\u00e1s pidieron por medio de nota al Concejo Deliberante se postergue el aumento de las tasas. Las autoridades propusieron que sea s\u00f3lo para el sector comercial para quienes adhieran al Programa Billetera Santa Fe<\/p>\n","protected":false},"author":5,"featured_media":0,"comment_status":"open","ping_status":"open","sticky":false,"template":"","format":"standard","meta":[],"categories":[33],"tags":[4402,4403],"_links":{"self":[{"href":"http:\/\/rurallascolonias.com.ar\/index.php?rest_route=\/wp\/v2\/posts\/19359"}],"collection":[{"href":"http:\/\/rurallascolonias.com.ar\/index.php?rest_route=\/wp\/v2\/posts"}],"about":[{"href":"http:\/\/rurallascolonias.com.ar\/index.php?rest_route=\/wp\/v2\/types\/post"}],"author":[{"embeddable":true,"href":"http:\/\/rurallascolonias.com.ar\/index.php?rest_route=\/wp\/v2\/users\/5"}],"replies":[{"embeddable":true,"href":"http:\/\/rurallascolonias.com.ar\/index.php?rest_route=%2Fwp%2Fv2%2Fcomments&post=19359"}],"version-history":[{"count":1,"href":"http:\/\/rurallascolonias.com.ar\/index.php?rest_route=\/wp\/v2\/posts\/19359\/revisions"}],"predecessor-version":[{"id":19362,"href":"http:\/\/rurallascolonias.com.ar\/index.php?rest_route=\/wp\/v2\/posts\/19359\/revisions\/19362"}],"wp:attachment":[{"href":"http:\/\/rurallascolonias.com.ar\/index.php?rest_route=%2Fwp%2Fv2%2Fmedia&parent=19359"}],"wp:term":[{"taxonomy":"category","embeddable":true,"href":"http:\/\/rurallascolonias.com.ar\/index.php?rest_route=%2Fwp%2Fv2%2Fcategories&post=19359"},{"taxonomy":"post_tag","embeddable":true,"href":"http:\/\/rurallascolonias.com.ar\/index.php?rest_route=%2Fwp%2Fv2%2Ftags&post=19359"}],"curies":[{"name":"wp","href":"https:\/\/api.w.org\/{rel}","templated":true}]}}