{"id":19347,"date":"2021-01-14T20:40:24","date_gmt":"2021-01-14T20:40:24","guid":{"rendered":"http:\/\/rurallascolonias.com.ar\/?p=19347"},"modified":"2021-01-14T20:40:24","modified_gmt":"2021-01-14T20:40:24","slug":"chocleada-solidaria-ayer-se-comenzo-con-la-siembra-del-maiz","status":"publish","type":"post","link":"http:\/\/rurallascolonias.com.ar\/?p=19347","title":{"rendered":"CHOCLEADA SOLIDARIA: AYER SE COMENZ\u00d3 CON LA SIEMBRA DEL MA\u00cdZ"},"content":{"rendered":"<h5><em><a href=\"http:\/\/rurallascolonias.com.ar\/?attachment_id=19348\" rel=\"attachment wp-att-19348\"><img loading=\"lazy\" class=\"aligncenter size-full wp-image-19348\" src=\"http:\/\/rurallascolonias.com.ar\/wp-content\/uploads\/2021\/01\/DSC_7453.jpg\" alt=\"\" width=\"4928\" height=\"3264\" srcset=\"http:\/\/rurallascolonias.com.ar\/wp-content\/uploads\/2021\/01\/DSC_7453.jpg 4928w, http:\/\/rurallascolonias.com.ar\/wp-content\/uploads\/2021\/01\/DSC_7453-300x199.jpg 300w, http:\/\/rurallascolonias.com.ar\/wp-content\/uploads\/2021\/01\/DSC_7453-768x509.jpg 768w, http:\/\/rurallascolonias.com.ar\/wp-content\/uploads\/2021\/01\/DSC_7453-1024x678.jpg 1024w, http:\/\/rurallascolonias.com.ar\/wp-content\/uploads\/2021\/01\/DSC_7453-600x397.jpg 600w, http:\/\/rurallascolonias.com.ar\/wp-content\/uploads\/2021\/01\/DSC_7453-624x413.jpg 624w\" sizes=\"(max-width: 4928px) 100vw, 4928px\" \/><\/a>La Sociedad Rural de Las Colonias, junto a grupos juveniles y la Cooperativa Guillermo Lehmann realizaron en la tarde de ayer la siembra de ma\u00edz que tendr\u00e1 destino solidario en los pr\u00f3ximos meses<\/em><\/h5>\n<p><!--more--><\/p>\n<p><a href=\"http:\/\/rurallascolonias.com.ar\/?attachment_id=19349\" rel=\"attachment wp-att-19349\"><img loading=\"lazy\" class=\"aligncenter size-full wp-image-19349\" src=\"http:\/\/rurallascolonias.com.ar\/wp-content\/uploads\/2021\/01\/DSC_7442.jpg\" alt=\"\" width=\"4928\" height=\"3264\" srcset=\"http:\/\/rurallascolonias.com.ar\/wp-content\/uploads\/2021\/01\/DSC_7442.jpg 4928w, http:\/\/rurallascolonias.com.ar\/wp-content\/uploads\/2021\/01\/DSC_7442-300x199.jpg 300w, http:\/\/rurallascolonias.com.ar\/wp-content\/uploads\/2021\/01\/DSC_7442-768x509.jpg 768w, http:\/\/rurallascolonias.com.ar\/wp-content\/uploads\/2021\/01\/DSC_7442-1024x678.jpg 1024w, http:\/\/rurallascolonias.com.ar\/wp-content\/uploads\/2021\/01\/DSC_7442-600x397.jpg 600w, http:\/\/rurallascolonias.com.ar\/wp-content\/uploads\/2021\/01\/DSC_7442-624x413.jpg 624w\" sizes=\"(max-width: 4928px) 100vw, 4928px\" \/><\/a>La cooperativa como proveedora de insumos fue quien entreg\u00f3 gratuitamente las semillas y la Sociedad Rural habilit\u00f3 un predio de tres hect\u00e1reas que tienen junto a las instalaciones de remates ferias, al oeste de la ciudad. Los voluntarios de la instituci\u00f3n, entre ellos Mauricio Minetti, Secretario de la Comisi\u00f3n Directiva y el Ing. Agr. Mayco Mansilla, realizaron la siembra y el control del cultivo.<\/p>\n<p>Sociedad Rural de Las Colonias<\/p>\n<p>&nbsp;<\/p>\n<p>&nbsp;<\/p>\n<p>&nbsp;<\/p>\n","protected":false},"excerpt":{"rendered":"<p>La Sociedad Rural de Las Colonias, junto a grupos juveniles y la Cooperativa Guillermo Lehmann realizaron en la tarde de ayer la siembra de ma\u00edz que tendr\u00e1 destino solidario en los pr\u00f3ximos meses<\/p>\n","protected":false},"author":5,"featured_media":0,"comment_status":"open","ping_status":"open","sticky":false,"template":"","format":"standard","meta":[],"categories":[29],"tags":[4392],"_links":{"self":[{"href":"http:\/\/rurallascolonias.com.ar\/index.php?rest_route=\/wp\/v2\/posts\/19347"}],"collection":[{"href":"http:\/\/rurallascolonias.com.ar\/index.php?rest_route=\/wp\/v2\/posts"}],"about":[{"href":"http:\/\/rurallascolonias.com.ar\/index.php?rest_route=\/wp\/v2\/types\/post"}],"author":[{"embeddable":true,"href":"http:\/\/rurallascolonias.com.ar\/index.php?rest_route=\/wp\/v2\/users\/5"}],"replies":[{"embeddable":true,"href":"http:\/\/rurallascolonias.com.ar\/index.php?rest_route=%2Fwp%2Fv2%2Fcomments&post=19347"}],"version-history":[{"count":1,"href":"http:\/\/rurallascolonias.com.ar\/index.php?rest_route=\/wp\/v2\/posts\/19347\/revisions"}],"predecessor-version":[{"id":19350,"href":"http:\/\/rurallascolonias.com.ar\/index.php?rest_route=\/wp\/v2\/posts\/19347\/revisions\/19350"}],"wp:attachment":[{"href":"http:\/\/rurallascolonias.com.ar\/index.php?rest_route=%2Fwp%2Fv2%2Fmedia&parent=19347"}],"wp:term":[{"taxonomy":"category","embeddable":true,"href":"http:\/\/rurallascolonias.com.ar\/index.php?rest_route=%2Fwp%2Fv2%2Fcategories&post=19347"},{"taxonomy":"post_tag","embeddable":true,"href":"http:\/\/rurallascolonias.com.ar\/index.php?rest_route=%2Fwp%2Fv2%2Ftags&post=19347"}],"curies":[{"name":"wp","href":"https:\/\/api.w.org\/{rel}","templated":true}]}}