{"id":19338,"date":"2021-01-06T14:05:08","date_gmt":"2021-01-06T14:05:08","guid":{"rendered":"http:\/\/rurallascolonias.com.ar\/?p=19338"},"modified":"2021-01-06T14:05:08","modified_gmt":"2021-01-06T14:05:08","slug":"cese-comercializacion-de-granos","status":"publish","type":"post","link":"http:\/\/rurallascolonias.com.ar\/?p=19338","title":{"rendered":"CESE COMERCIALIZACI\u00d3N DE GRANOS"},"content":{"rendered":"<h2 class=\"description separatorlines\"><em><a href=\"http:\/\/rurallascolonias.com.ar\/?attachment_id=464\" rel=\"attachment wp-att-464\"><img loading=\"lazy\" class=\"aligncenter size-full wp-image-464\" src=\"http:\/\/rurallascolonias.com.ar\/wp-content\/uploads\/2013\/12\/Sociedad_Rural_de_Las_Colonias-300x225.jpg\" alt=\"\" width=\"300\" height=\"225\" \/><\/a>Comunicado de la CEEA<\/em><\/h2>\n<p><!--more--><\/p>\n<p>Como ha venido sucediendo desde su creaci\u00f3n, en la Comisi\u00f3n de Enlace de Entidades Agropecuarias hemos procurado trabajar siempre sobre las coincidencias que existen quienes la conformamos.<\/p>\n<p>Hoy esas coincidencias indican que las cuatro entidades que integran esta Comisi\u00f3n rechazamos el cierre del registro de exportaci\u00f3n de ma\u00edz por tratarse de una medida absolutamente perjudicial para el campo y para la Argentina en su conjunto, como hemos venido sosteniendo desde su anuncio.<\/p>\n<p>Y as\u00ed como hemos trabajado sobre los consensos, tambi\u00e9n hemos sido respetuosos de la autonom\u00eda que tiene cada una de las entidades al interior de sus \u00f3rganos de Gobierno, y de las divergencias que puedan surgir de esa autonom\u00eda en cuanto a la forma de manifestar el malestar compartido.<\/p>\n<p>En este caso puntual, CRA, FAA y la SRA anuncian un cese de comercializaci\u00f3n de todos los granos desde las 00h del lunes 11 de enero hasta las 24h del mi\u00e9rcoles 13 de enero del corriente, sin la adhesi\u00f3n de Coninagro.<\/p>\n<p>En este sentido, insistimos en la necesidad de revisar esta medida absolutamente negativa para los intereses de todos los argentinos, en un marco del di\u00e1logo con las autoridades que puedan resolver los destinos del futuro del campo y del pa\u00eds.<\/p>\n<p>CRA<\/p>\n","protected":false},"excerpt":{"rendered":"<p>Comunicado de la CEEA<\/p>\n","protected":false},"author":5,"featured_media":0,"comment_status":"open","ping_status":"open","sticky":false,"template":"","format":"standard","meta":[],"categories":[29],"tags":[1581,30,86],"_links":{"self":[{"href":"http:\/\/rurallascolonias.com.ar\/index.php?rest_route=\/wp\/v2\/posts\/19338"}],"collection":[{"href":"http:\/\/rurallascolonias.com.ar\/index.php?rest_route=\/wp\/v2\/posts"}],"about":[{"href":"http:\/\/rurallascolonias.com.ar\/index.php?rest_route=\/wp\/v2\/types\/post"}],"author":[{"embeddable":true,"href":"http:\/\/rurallascolonias.com.ar\/index.php?rest_route=\/wp\/v2\/users\/5"}],"replies":[{"embeddable":true,"href":"http:\/\/rurallascolonias.com.ar\/index.php?rest_route=%2Fwp%2Fv2%2Fcomments&post=19338"}],"version-history":[{"count":1,"href":"http:\/\/rurallascolonias.com.ar\/index.php?rest_route=\/wp\/v2\/posts\/19338\/revisions"}],"predecessor-version":[{"id":19339,"href":"http:\/\/rurallascolonias.com.ar\/index.php?rest_route=\/wp\/v2\/posts\/19338\/revisions\/19339"}],"wp:attachment":[{"href":"http:\/\/rurallascolonias.com.ar\/index.php?rest_route=%2Fwp%2Fv2%2Fmedia&parent=19338"}],"wp:term":[{"taxonomy":"category","embeddable":true,"href":"http:\/\/rurallascolonias.com.ar\/index.php?rest_route=%2Fwp%2Fv2%2Fcategories&post=19338"},{"taxonomy":"post_tag","embeddable":true,"href":"http:\/\/rurallascolonias.com.ar\/index.php?rest_route=%2Fwp%2Fv2%2Ftags&post=19338"}],"curies":[{"name":"wp","href":"https:\/\/api.w.org\/{rel}","templated":true}]}}