{"id":19331,"date":"2021-01-05T10:36:35","date_gmt":"2021-01-05T10:36:35","guid":{"rendered":"http:\/\/rurallascolonias.com.ar\/?p=19331"},"modified":"2021-01-05T20:37:01","modified_gmt":"2021-01-05T20:37:01","slug":"cepo-al-maiz-dinamita-todo-el-dialogo-entre-el-campo-y-el-gobierno","status":"publish","type":"post","link":"http:\/\/rurallascolonias.com.ar\/?p=19331","title":{"rendered":"CEPO AL MA\u00cdZ: \u00abDINAMITA TODO EL DI\u00c1LOGO\u00bb ENTRE EL CAMPO Y EL GOBIERNO"},"content":{"rendered":"<p><em><strong><a href=\"http:\/\/rurallascolonias.com.ar\/?attachment_id=19332\" rel=\"attachment wp-att-19332\"><img loading=\"lazy\" class=\"aligncenter size-full wp-image-19332\" src=\"http:\/\/rurallascolonias.com.ar\/wp-content\/uploads\/2021\/01\/cepo-al-ma\u00edz.jpg\" alt=\"\" width=\"800\" height=\"420\" srcset=\"http:\/\/rurallascolonias.com.ar\/wp-content\/uploads\/2021\/01\/cepo-al-ma\u00edz.jpg 800w, http:\/\/rurallascolonias.com.ar\/wp-content\/uploads\/2021\/01\/cepo-al-ma\u00edz-300x158.jpg 300w, http:\/\/rurallascolonias.com.ar\/wp-content\/uploads\/2021\/01\/cepo-al-ma\u00edz-768x403.jpg 768w, http:\/\/rurallascolonias.com.ar\/wp-content\/uploads\/2021\/01\/cepo-al-ma\u00edz-600x315.jpg 600w, http:\/\/rurallascolonias.com.ar\/wp-content\/uploads\/2021\/01\/cepo-al-ma\u00edz-624x328.jpg 624w\" sizes=\"(max-width: 800px) 100vw, 800px\" \/><\/a>El presidente de la Sociedad Rural de Santa Fe y secretario de Carsfe Ignacio M\u00e1ntaras consider\u00f3 que la medida rompe lo construido entre las partes a trav\u00e9s del Consejo Agroindustrial Argentino. \u00abGenera mucho malestar porque despu\u00e9s del ma\u00edz viene el trigo, la carne\u00bb, desconfi\u00f3<\/strong><\/em><!--more--><\/p>\n<p>\u00abPareciera que fue m\u00e1s bien un gui\u00f1o del gobierno o un mensaje a determinados sectores para lograr que mantengan los precios m\u00e1ximos; o, en un a\u00f1o electoral, decididamente buscar un conflicto con un sector estrat\u00e9gico; porque no se entiende, no tiene l\u00f3gica\u00bb, sostuvo Ignacio M\u00e1ntaras, presidente de la Sociedad Rural de Santa Fe y secretario de Carsfe, sobre la decisi\u00f3n oficial de suspender el otorgamiento de DJVE (Declaraciones Juradas de Venta al Exterior) para ma\u00edz hasta que comience a fluir la nueva cosecha en marzo.<\/p>\n<p>Y agreg\u00f3 que resulta a\u00fan m\u00e1s irracional porque \u00abdinamita todo el di\u00e1logo\u00bb que se viene construyendo mediante el Consejo Agroindustrial Argentino. \u00abCon qu\u00e9 cara se va a sentar un (Mat\u00edas) Kulfas, un (Mart\u00edn) Guzm\u00e1n frente a las entidades a decirles &#8216;queremos aumentar las exportaciones&#8217; cuando de un plumazo se cierran sin dialogar con nadie\u00bb, dijo en referencia al trabajo que ven\u00edan realizando con los ministros de Desarrollo Productivo y de Econom\u00eda respectivamente.<\/p>\n<p>El dirigente santafesino reconoci\u00f3 que la medida tom\u00f3 por sorpresa al sector y la consider\u00f3 \u00abuna exageraci\u00f3n\u00bb ante un posible faltante de mercader\u00eda. Y argument\u00f3 que, de un aparente saldo levemente superior a 4 millones de toneladas en poder de los productores, aproximadamente 2.7 millones ya est\u00e1n compradas por los exportadores \u00abque van a tener que volcarlas al mercado interno; ah\u00ed quiz\u00e1s con esos sectores pueda haber alg\u00fan acuerdo; alg\u00fan lobby puede ser que haya ocurrido para que por ese lado (el gobierno) tenga alguna respuesta\u00bb.<\/p>\n<p>Por lo tanto, dio por sentado que el verdadero objetivo es \u00abpisar un poco (el precio), o que no se disparen esos productos\u00bb. En definitiva, dijo, el sector estar\u00eda \u00abfrente a la vieja receta de cerrar exportaciones para cuidar la mesa de los argentinos\u00bb.<\/p>\n<p>Tampoco lograr\u00eda el gobierno agilizar ventas sino todo lo contrario. \u00abNadie va a vender\u00bb, dijo, excepto en caso de necesidad, porque es la \u00fanica manera que tienen los productores de preservar el valor de su capital. De ah\u00ed que desde las entidades dif\u00edcilmente se pida a las bases un cese comercial, porque \u00ablo m\u00e1s l\u00f3gico es que cualquier productor se resguarde ante la inflaci\u00f3n en una moneda fuerte como es el grano\u00bb.<\/p>\n<p>Descartada la posibilidad de que la medida genere mayor disponibilidad de grano o a precios m\u00e1s bajos a los consumos, el dirigente supuso que tambi\u00e9n podr\u00eda haber intenciones ocultas. Como la de sostener \u00abprecios m\u00e1ximos\u00bb subsidiando indirectamente a las industrias alimenticias; o bien poniendo una vez m\u00e1s al sector como enemigo ante la opini\u00f3n p\u00fablica con fines pol\u00edticos-electoralistas.<\/p>\n<p>De todos modos M\u00e1ntaras admiti\u00f3 que dentro del sector \u00abhay pedidos de algunas confederaciones de CRA de ir hacia una protesta\u00bb, adem\u00e1s de algunas movilizaciones y asambleas. \u00abClaramente la medida es disruptiva y genera mucho malestar porque despu\u00e9s del ma\u00edz viene el trigo, la carne; es una receta que ya la vimos, lo mismo que los resultados que lograron\u00bb.<\/p>\n<p>El dirigente tambi\u00e9n se detuvo en el impacto an\u00edmico del cierre de las exportaciones entre los productores. \u00abEste ma\u00edz al que se le cierra la exportaci\u00f3n un productor lo planific\u00f3 a mediados de 2019, alquil\u00f3 un campo para encarar una campa\u00f1a, asumi\u00f3 todos los costos, resguard\u00f3 su producci\u00f3n en un a\u00f1o se sequ\u00eda y ahora le dicen &#8216;no lo pod\u00e9s vender afuera y el precio te lo vamos a tirar para abajo\u00bb. As\u00ed, supuso que \u00abprobablemente haya menos \u00e1rea sembrada con ma\u00edz el a\u00f1o que viene, por lo tanto el problema que se pretende solucionar en realidad se agrava\u00bb.<\/p>\n<p><i><b>Juan Manuel Fern\u00e1ndez |\u00a0<\/b><\/i><i><b>jmfernandez@ellitoral.com<\/b><\/i><\/p>\n","protected":false},"excerpt":{"rendered":"<p>El presidente de la Sociedad Rural de Santa Fe y secretario de Carsfe Ignacio M\u00e1ntaras consider\u00f3 que la medida rompe lo construido entre las partes a trav\u00e9s del Consejo Agroindustrial Argentino. \u00abGenera mucho malestar porque despu\u00e9s del ma\u00edz viene el trigo, la carne\u00bb, desconfi\u00f3<\/p>\n","protected":false},"author":5,"featured_media":0,"comment_status":"open","ping_status":"open","sticky":false,"template":"","format":"standard","meta":[],"categories":[42],"tags":[4399],"_links":{"self":[{"href":"http:\/\/rurallascolonias.com.ar\/index.php?rest_route=\/wp\/v2\/posts\/19331"}],"collection":[{"href":"http:\/\/rurallascolonias.com.ar\/index.php?rest_route=\/wp\/v2\/posts"}],"about":[{"href":"http:\/\/rurallascolonias.com.ar\/index.php?rest_route=\/wp\/v2\/types\/post"}],"author":[{"embeddable":true,"href":"http:\/\/rurallascolonias.com.ar\/index.php?rest_route=\/wp\/v2\/users\/5"}],"replies":[{"embeddable":true,"href":"http:\/\/rurallascolonias.com.ar\/index.php?rest_route=%2Fwp%2Fv2%2Fcomments&post=19331"}],"version-history":[{"count":1,"href":"http:\/\/rurallascolonias.com.ar\/index.php?rest_route=\/wp\/v2\/posts\/19331\/revisions"}],"predecessor-version":[{"id":19333,"href":"http:\/\/rurallascolonias.com.ar\/index.php?rest_route=\/wp\/v2\/posts\/19331\/revisions\/19333"}],"wp:attachment":[{"href":"http:\/\/rurallascolonias.com.ar\/index.php?rest_route=%2Fwp%2Fv2%2Fmedia&parent=19331"}],"wp:term":[{"taxonomy":"category","embeddable":true,"href":"http:\/\/rurallascolonias.com.ar\/index.php?rest_route=%2Fwp%2Fv2%2Fcategories&post=19331"},{"taxonomy":"post_tag","embeddable":true,"href":"http:\/\/rurallascolonias.com.ar\/index.php?rest_route=%2Fwp%2Fv2%2Ftags&post=19331"}],"curies":[{"name":"wp","href":"https:\/\/api.w.org\/{rel}","templated":true}]}}