{"id":19283,"date":"2020-12-09T13:51:09","date_gmt":"2020-12-09T13:51:09","guid":{"rendered":"http:\/\/rurallascolonias.com.ar\/?p=19283"},"modified":"2020-12-09T13:51:09","modified_gmt":"2020-12-09T13:51:09","slug":"lecheria-con-numeros-en-rojo","status":"publish","type":"post","link":"http:\/\/rurallascolonias.com.ar\/?p=19283","title":{"rendered":"LECHER\u00cdA CON N\u00daMEROS EN ROJO"},"content":{"rendered":"<p><strong><em><a href=\"http:\/\/rurallascolonias.com.ar\/?attachment_id=16319\" rel=\"attachment wp-att-16319\"><img loading=\"lazy\" class=\"aligncenter size-full wp-image-16319\" src=\"http:\/\/rurallascolonias.com.ar\/wp-content\/uploads\/2018\/04\/lecher\u00eda.jpg\" alt=\"\" width=\"267\" height=\"189\" \/><\/a>Los valores de la cadena han ido muy por debajo de la inflaci\u00f3n. El tema es analizado por el OCLA<\/em><\/strong><!--more--><\/p>\n<p>Seg\u00fan el \u00faltimo informe del Observatorio de la Cadena L\u00e1ctea (OCLA), la facturaci\u00f3n del sector lechero ofrece resultados negativos tanto para el sector primario como para el industrial. \u201cLa facturaci\u00f3n total de la cadena de valor l\u00e1cteo fue en octubre de 2020 de $53.344 millones, es decir, un -2,2% respecto al mes pasado (en el promedio diario), y 29,7% por encima de octubre de 2019, recordando que la inflaci\u00f3n anual (IPC) fue del 37,2%\u201d, indicaron, explicando que aunque hayan aumentado los precios, lo hicieron por debajo de la inflaci\u00f3n.<\/p>\n<p>\u201cEl precio de la leche al productor tuvo una mejora interanual del 21,1%, y el valor de salida de f\u00e1brica (al que vende la industria) se increment\u00f3 en un 25,4% y los precios finales (promedio de ambos mercados antes de impuestos a la venta) subieron 18,9%\u201d, expresaron.<\/p>\n<p>Del total de lo facturado, explicaron que la participaci\u00f3n del sector primario fue del 34,8%, observando una leve mejora interanual (0,3%). Por su parte, la industria se qued\u00f3 con el 30,6%, es decir, 2,5% m\u00e1s que en el mismo per\u00edodo del a\u00f1o pasado. Esa mayor participaci\u00f3n de la producci\u00f3n y la industria se rest\u00f3 al sector comercial, que se qued\u00f3 con un 22,9%, perdiendo 3,6%.<\/p>\n<p>Finalmente, el Estado se queda con el 11,7%, considerando para el informe los impuestos a la venta y teniendo en cuenta la devoluci\u00f3n del IVA para algunos productos.<\/p>\n<p>Del tambo a la g\u00f3ndola<\/p>\n<p>El informe analiza la merma en facturaci\u00f3n desde el sector primario hasta el comercial. \u201cEl sector primario ven\u00eda de 17 meses de n\u00fameros positivos, pero en octubre ya cumpli\u00f3 el tercer mes con valores negativos, consolidando la ca\u00edda que se observa en los \u00faltimos ocho meses debido al leve crecimiento en moneda corriente de los precios de la leche (muy por debajo de la evoluci\u00f3n de la inflaci\u00f3n y el tipo de cambio)\u201d, indicaron.<\/p>\n<p>Por su parte, el sector industrial contin\u00faa con resultados negativos, \u201cal cual hab\u00eda ingresado ya en junio, con una p\u00e9rdida para octubre de $1.197 millones, sobre todo en el segmento Pyme presenta una muy deteriorada capacidad de pago (poder de compra de $2,58\/litro por debajo del precio promedio)\u201d.<\/p>\n<p>Finalmente, aclaran que \u201ctanto para el sector industrial como para el sector de la producci\u00f3n primaria los resultados son promedios, pero dentro de cada uno de ellos hay diferentes realidades en cuanto a tama\u00f1os, escalas, productividad y eficiencia\u201d.<\/p>\n<p>Tour Lechero: recorrido virtual<\/p>\n<p>El Tour Lechero 2020 se concretar\u00e1 el pr\u00f3ximo mi\u00e9rcoles 9 de diciembre, desde las 10, v\u00eda streaming. Se visitar\u00e1 el establecimiento de Montechiari Agroindustria en Monte Ma\u00edz, que incorpor\u00f3 un galp\u00f3n de compost y ocho robots orde\u00f1adores.<\/p>\n<p>En la mejor zona agr\u00edcola de la provincia de C\u00f3rdoba hay tambos que superaron el desaf\u00edo de competir con la mejor agricultura, cuyos indicadores son de cuatro mil kilos de soja (promedio) y 12 mil kilos de ma\u00edz con alquileres, que van de 14 a 18 quintales de soja.<\/p>\n<p>Frente a este contexto, el Tour Lechero 2020 -con modalidad virtual- mostrar\u00e1 c\u00f3mo el buen manejo de una explotaci\u00f3n tambera en esta zona permite obtener ventajas y diversificar riesgos, frente a la producci\u00f3n netamente agr\u00edcola.<\/p>\n<p><span class=\"color-blue\">Fuente\u00a0<\/span><b><a href=\"https:\/\/www.eldiariocba.com.ar\/el-diario-rural\/2020\/12\/5\/lecheria-con-numeros-en-rojo-33632.html\" target=\"_blank\" rel=\"noopener noreferrer\">EL-DIARIO-RURAL<\/a><\/b><\/p>\n","protected":false},"excerpt":{"rendered":"<p>Los valores de la cadena han ido muy por debajo de la inflaci\u00f3n. El tema es analizado por el OCLA<\/p>\n","protected":false},"author":5,"featured_media":0,"comment_status":"open","ping_status":"open","sticky":false,"template":"","format":"standard","meta":[],"categories":[46],"tags":[47],"_links":{"self":[{"href":"http:\/\/rurallascolonias.com.ar\/index.php?rest_route=\/wp\/v2\/posts\/19283"}],"collection":[{"href":"http:\/\/rurallascolonias.com.ar\/index.php?rest_route=\/wp\/v2\/posts"}],"about":[{"href":"http:\/\/rurallascolonias.com.ar\/index.php?rest_route=\/wp\/v2\/types\/post"}],"author":[{"embeddable":true,"href":"http:\/\/rurallascolonias.com.ar\/index.php?rest_route=\/wp\/v2\/users\/5"}],"replies":[{"embeddable":true,"href":"http:\/\/rurallascolonias.com.ar\/index.php?rest_route=%2Fwp%2Fv2%2Fcomments&post=19283"}],"version-history":[{"count":1,"href":"http:\/\/rurallascolonias.com.ar\/index.php?rest_route=\/wp\/v2\/posts\/19283\/revisions"}],"predecessor-version":[{"id":19284,"href":"http:\/\/rurallascolonias.com.ar\/index.php?rest_route=\/wp\/v2\/posts\/19283\/revisions\/19284"}],"wp:attachment":[{"href":"http:\/\/rurallascolonias.com.ar\/index.php?rest_route=%2Fwp%2Fv2%2Fmedia&parent=19283"}],"wp:term":[{"taxonomy":"category","embeddable":true,"href":"http:\/\/rurallascolonias.com.ar\/index.php?rest_route=%2Fwp%2Fv2%2Fcategories&post=19283"},{"taxonomy":"post_tag","embeddable":true,"href":"http:\/\/rurallascolonias.com.ar\/index.php?rest_route=%2Fwp%2Fv2%2Ftags&post=19283"}],"curies":[{"name":"wp","href":"https:\/\/api.w.org\/{rel}","templated":true}]}}