{"id":19256,"date":"2020-11-24T21:40:56","date_gmt":"2020-11-24T21:40:56","guid":{"rendered":"http:\/\/rurallascolonias.com.ar\/?p=19256"},"modified":"2020-11-24T21:40:56","modified_gmt":"2020-11-24T21:40:56","slug":"la-sociedad-rural-anuncia-la-chocleada-solidaria","status":"publish","type":"post","link":"http:\/\/rurallascolonias.com.ar\/?p=19256","title":{"rendered":"LA SOCIEDAD RURAL ANUNCIA LA \u00abCHOCLEADA SOLIDARIA\u00bb"},"content":{"rendered":"<p><em><strong><a href=\"http:\/\/rurallascolonias.com.ar\/?attachment_id=19258\" rel=\"attachment wp-att-19258\"><img loading=\"lazy\" class=\"aligncenter size-full wp-image-19258\" src=\"http:\/\/rurallascolonias.com.ar\/wp-content\/uploads\/2020\/11\/IMG-20201124-WA0010.jpg\" alt=\"\" width=\"960\" height=\"1280\" srcset=\"http:\/\/rurallascolonias.com.ar\/wp-content\/uploads\/2020\/11\/IMG-20201124-WA0010.jpg 960w, http:\/\/rurallascolonias.com.ar\/wp-content\/uploads\/2020\/11\/IMG-20201124-WA0010-225x300.jpg 225w, http:\/\/rurallascolonias.com.ar\/wp-content\/uploads\/2020\/11\/IMG-20201124-WA0010-768x1024.jpg 768w, http:\/\/rurallascolonias.com.ar\/wp-content\/uploads\/2020\/11\/IMG-20201124-WA0010-600x800.jpg 600w, http:\/\/rurallascolonias.com.ar\/wp-content\/uploads\/2020\/11\/IMG-20201124-WA0010-624x832.jpg 624w\" sizes=\"(max-width: 960px) 100vw, 960px\" \/><\/a>Este mediod\u00eda se convoc\u00f3 a una conferencia de prensa para anunciar una nueva campa\u00f1a esta vez denominada \u00abChocleada Solidaria\u00bb.\u00a0 Son varias instituciones unidas para llevar adelante este evento, entre ellas la Sociedad Rural de Las Colonias, la Cooperativa Guillermo Lehmann, el Centro de Estudiantes de Ciencias Agrarias, las juventudes tanto de la Lehmann como del Ateneo Las Colonias<\/strong><\/em><!--more--><\/p>\n<p><a href=\"http:\/\/rurallascolonias.com.ar\/?attachment_id=19259\" rel=\"attachment wp-att-19259\"><img loading=\"lazy\" class=\"aligncenter size-full wp-image-19259\" src=\"http:\/\/rurallascolonias.com.ar\/wp-content\/uploads\/2020\/11\/IMG-20201124-WA0011.jpg\" alt=\"\" width=\"960\" height=\"1280\" srcset=\"http:\/\/rurallascolonias.com.ar\/wp-content\/uploads\/2020\/11\/IMG-20201124-WA0011.jpg 960w, http:\/\/rurallascolonias.com.ar\/wp-content\/uploads\/2020\/11\/IMG-20201124-WA0011-225x300.jpg 225w, http:\/\/rurallascolonias.com.ar\/wp-content\/uploads\/2020\/11\/IMG-20201124-WA0011-768x1024.jpg 768w, http:\/\/rurallascolonias.com.ar\/wp-content\/uploads\/2020\/11\/IMG-20201124-WA0011-600x800.jpg 600w, http:\/\/rurallascolonias.com.ar\/wp-content\/uploads\/2020\/11\/IMG-20201124-WA0011-624x832.jpg 624w\" sizes=\"(max-width: 960px) 100vw, 960px\" \/><\/a>El Presidente de la Rural Diego Alonso comenta que ser\u00e1 en el campo de la Sociedad Rural donde se van a sembrar los choclos para, posteriormente, con fines solidarios poder, o repartir, o con el producido de esa actividad hacer actividades solidarias a los comedores escolares\u00a0 del Departamento que lo necesiten.<\/p>\n<p>La actividad consta de poder hacer 3 hect\u00e1reas que se van a estar sembrando a mediados de diciembre dependiendo de las lluvias que puedan venir. Los organizadores agradecieron la buena iniciativa y enorme compromiso a participar tanto de productores como de las instituciones que forman parte.<\/p>\n<p><a href=\"http:\/\/rurallascolonias.com.ar\/?attachment_id=19260\" rel=\"attachment wp-att-19260\"><img loading=\"lazy\" class=\"aligncenter size-full wp-image-19260\" src=\"http:\/\/rurallascolonias.com.ar\/wp-content\/uploads\/2020\/11\/IMG-20201124-WA0012.jpg\" alt=\"\" width=\"960\" height=\"1280\" srcset=\"http:\/\/rurallascolonias.com.ar\/wp-content\/uploads\/2020\/11\/IMG-20201124-WA0012.jpg 960w, http:\/\/rurallascolonias.com.ar\/wp-content\/uploads\/2020\/11\/IMG-20201124-WA0012-225x300.jpg 225w, http:\/\/rurallascolonias.com.ar\/wp-content\/uploads\/2020\/11\/IMG-20201124-WA0012-768x1024.jpg 768w, http:\/\/rurallascolonias.com.ar\/wp-content\/uploads\/2020\/11\/IMG-20201124-WA0012-600x800.jpg 600w, http:\/\/rurallascolonias.com.ar\/wp-content\/uploads\/2020\/11\/IMG-20201124-WA0012-624x832.jpg 624w\" sizes=\"(max-width: 960px) 100vw, 960px\" \/><\/a>Se hizo extensiva la invitaci\u00f3n a los vecinos al d\u00eda de la cosecha prevista para el mes de abril del pr\u00f3ximo a\u00f1o. \u00abQueremos que este evento sea un espacio de encuentro entre el campo\u00a0 y la ciudad\u00bb, agreg\u00f3 Mayco Mansilla, integrante de la Comisi\u00f3n Directiva.<\/p>\n<p>Por lo tanto, se invita a todos los vecinos, productores e instituciones que quieran sumarse a esta campa\u00f1a.<\/p>\n<p>Se van a crear unos formularios que se estar\u00e1n difundiendo pr\u00f3ximamente en las redes donde la gente interesada podr\u00e1 completar con sus datos y as\u00ed tenerlos informados de cu\u00e1ndo deber\u00edan acercarse a la sede. Se espera la participaci\u00f3n y colaboraci\u00f3n de muchas personas ya que se est\u00e1\u00a0 hablando de m\u00e1s de 200 mil choclos a cosechar a mano, lo que representar\u00eda hoy una donaci\u00f3n de m\u00e1s de 6 millones de pesos para ayudar a cientos de chicos y familias.<\/p>\n<p><a href=\"http:\/\/rurallascolonias.com.ar\/?attachment_id=19261\" rel=\"attachment wp-att-19261\"><img loading=\"lazy\" class=\"aligncenter size-full wp-image-19261\" src=\"http:\/\/rurallascolonias.com.ar\/wp-content\/uploads\/2020\/11\/IMG-20201124-WA0016.jpg\" alt=\"\" width=\"960\" height=\"1280\" srcset=\"http:\/\/rurallascolonias.com.ar\/wp-content\/uploads\/2020\/11\/IMG-20201124-WA0016.jpg 960w, http:\/\/rurallascolonias.com.ar\/wp-content\/uploads\/2020\/11\/IMG-20201124-WA0016-225x300.jpg 225w, http:\/\/rurallascolonias.com.ar\/wp-content\/uploads\/2020\/11\/IMG-20201124-WA0016-768x1024.jpg 768w, http:\/\/rurallascolonias.com.ar\/wp-content\/uploads\/2020\/11\/IMG-20201124-WA0016-600x800.jpg 600w, http:\/\/rurallascolonias.com.ar\/wp-content\/uploads\/2020\/11\/IMG-20201124-WA0016-624x832.jpg 624w\" sizes=\"(max-width: 960px) 100vw, 960px\" \/><\/a>Por su parte, la Cooperativa Guillermo Lehmann tiene dentro de sus objetivos lo que es la responsabilidad social cooperativa y el compromiso con cada una de las comunidades en donde est\u00e1 la Cooperativa que hoy ya abarca una gran zona del centro de Santa Fe. Por lo tanto es una acci\u00f3n m\u00e1s teniendo en cuenta la gran relaci\u00f3n que la Cooperativa tiene con la Sociedad Rural y con las Instituciones locales, en esta oportunidad ayudando con los insumos y la difusi\u00f3n del evento.<\/p>\n<p><a href=\"http:\/\/rurallascolonias.com.ar\/?attachment_id=19262\" rel=\"attachment wp-att-19262\"><img loading=\"lazy\" class=\"aligncenter size-full wp-image-19262\" src=\"http:\/\/rurallascolonias.com.ar\/wp-content\/uploads\/2020\/11\/IMG-20201124-WA0014.jpg\" alt=\"\" width=\"1280\" height=\"960\" srcset=\"http:\/\/rurallascolonias.com.ar\/wp-content\/uploads\/2020\/11\/IMG-20201124-WA0014.jpg 1280w, http:\/\/rurallascolonias.com.ar\/wp-content\/uploads\/2020\/11\/IMG-20201124-WA0014-300x225.jpg 300w, http:\/\/rurallascolonias.com.ar\/wp-content\/uploads\/2020\/11\/IMG-20201124-WA0014-768x576.jpg 768w, http:\/\/rurallascolonias.com.ar\/wp-content\/uploads\/2020\/11\/IMG-20201124-WA0014-1024x768.jpg 1024w, http:\/\/rurallascolonias.com.ar\/wp-content\/uploads\/2020\/11\/IMG-20201124-WA0014-600x450.jpg 600w, http:\/\/rurallascolonias.com.ar\/wp-content\/uploads\/2020\/11\/IMG-20201124-WA0014-624x468.jpg 624w\" sizes=\"(max-width: 1280px) 100vw, 1280px\" \/><\/a>De la Conferencia de Prensa participaron el Presidente Diego Alonso, Mayco Mansilla, integrante de la Comisi\u00f3n Directiva, Juan Pablo Luna Coordinador de Sucursal de la Cooperativa Guillermo Lehmann, Presidente del Ateneo Luciano Curetti y Miguel Bonanzea, representando al Centro de Estudiantes de Agrarias.<\/p>\n<p>Sociedad Rural de Las Colonias<\/p>\n<p>&nbsp;<\/p>\n","protected":false},"excerpt":{"rendered":"<p>Este mediod\u00eda se convoc\u00f3 a una conferencia de prensa para anunciar una nueva campa\u00f1a esta vez denominada \u00abChocleada Solidaria\u00bb.\u00a0 Son varias instituciones unidas para llevar adelante este evento, entre ellas la Sociedad Rural de Las Colonias, la Cooperativa Guillermo Lehmann, el Centro de Estudiantes de Ciencias Agrarias, las juventudes tanto de la Lehmann como del [&hellip;]<\/p>\n","protected":false},"author":5,"featured_media":0,"comment_status":"open","ping_status":"open","sticky":false,"template":"","format":"standard","meta":[],"categories":[29],"tags":[4392,2222],"_links":{"self":[{"href":"http:\/\/rurallascolonias.com.ar\/index.php?rest_route=\/wp\/v2\/posts\/19256"}],"collection":[{"href":"http:\/\/rurallascolonias.com.ar\/index.php?rest_route=\/wp\/v2\/posts"}],"about":[{"href":"http:\/\/rurallascolonias.com.ar\/index.php?rest_route=\/wp\/v2\/types\/post"}],"author":[{"embeddable":true,"href":"http:\/\/rurallascolonias.com.ar\/index.php?rest_route=\/wp\/v2\/users\/5"}],"replies":[{"embeddable":true,"href":"http:\/\/rurallascolonias.com.ar\/index.php?rest_route=%2Fwp%2Fv2%2Fcomments&post=19256"}],"version-history":[{"count":2,"href":"http:\/\/rurallascolonias.com.ar\/index.php?rest_route=\/wp\/v2\/posts\/19256\/revisions"}],"predecessor-version":[{"id":19263,"href":"http:\/\/rurallascolonias.com.ar\/index.php?rest_route=\/wp\/v2\/posts\/19256\/revisions\/19263"}],"wp:attachment":[{"href":"http:\/\/rurallascolonias.com.ar\/index.php?rest_route=%2Fwp%2Fv2%2Fmedia&parent=19256"}],"wp:term":[{"taxonomy":"category","embeddable":true,"href":"http:\/\/rurallascolonias.com.ar\/index.php?rest_route=%2Fwp%2Fv2%2Fcategories&post=19256"},{"taxonomy":"post_tag","embeddable":true,"href":"http:\/\/rurallascolonias.com.ar\/index.php?rest_route=%2Fwp%2Fv2%2Ftags&post=19256"}],"curies":[{"name":"wp","href":"https:\/\/api.w.org\/{rel}","templated":true}]}}