{"id":19248,"date":"2020-11-18T13:00:00","date_gmt":"2020-11-18T13:00:00","guid":{"rendered":"http:\/\/rurallascolonias.com.ar\/?p=19248"},"modified":"2020-11-18T13:00:00","modified_gmt":"2020-11-18T13:00:00","slug":"la-provincia-realizara-una-conferencia-virtual-sobre-seguridad-rural-y-tecnologias-para-combatir-el-abigeato","status":"publish","type":"post","link":"http:\/\/rurallascolonias.com.ar\/?p=19248","title":{"rendered":"LA PROVINCIA REALIZAR\u00c1 UNA CONFERENCIA VIRTUAL SOBRE SEGURIDAD RURAL Y TECNOLOG\u00cdAS PARA COMBATIR EL ABIGEATO"},"content":{"rendered":"<p><strong><em><a href=\"http:\/\/rurallascolonias.com.ar\/?attachment_id=19249\" rel=\"attachment wp-att-19249\"><img loading=\"lazy\" class=\"aligncenter size-full wp-image-19249\" src=\"http:\/\/rurallascolonias.com.ar\/wp-content\/uploads\/2020\/11\/20201118_094650.png\" alt=\"\" width=\"2000\" height=\"1544\" srcset=\"http:\/\/rurallascolonias.com.ar\/wp-content\/uploads\/2020\/11\/20201118_094650.png 2000w, http:\/\/rurallascolonias.com.ar\/wp-content\/uploads\/2020\/11\/20201118_094650-300x232.png 300w, http:\/\/rurallascolonias.com.ar\/wp-content\/uploads\/2020\/11\/20201118_094650-768x593.png 768w, http:\/\/rurallascolonias.com.ar\/wp-content\/uploads\/2020\/11\/20201118_094650-1024x791.png 1024w, http:\/\/rurallascolonias.com.ar\/wp-content\/uploads\/2020\/11\/20201118_094650-600x463.png 600w, http:\/\/rurallascolonias.com.ar\/wp-content\/uploads\/2020\/11\/20201118_094650-624x482.png 624w\" sizes=\"(max-width: 2000px) 100vw, 2000px\" \/><\/a>Ser\u00e1 este jueves, a las 17, v\u00eda Zoom y YouTube. La actividad es gratuita y apta para todo p\u00fablico, con inscripci\u00f3n previa<\/em><\/strong><!--more--><\/p>\n<p>El Gobierno de Santa Fe, a trav\u00e9s de los ministerios de Producci\u00f3n, Ciencia y Tecnolog\u00eda y de Seguridad, realizar\u00e1 este jueves la conferencia virtual: \u201cSeguridad rural. Tecnolog\u00edas para combatir el abigeato: uso del ADN para prevenir, comprobar y acreditar el il\u00edcito. Otras aplicaciones\u201d.<\/p>\n<p>La actividad es organizada conjuntamente con la Confederaci\u00f3n de Asociaciones Rurales de Santa Fe (CARSFE) dentro del convenio marco: \u201cImplementaci\u00f3n de la Mesa de Trabajo para el abordaje integral del delito rural\u201d; y se realizar\u00e1 este jueves 19 a las 17 horas a trav\u00e9s de la plataforma Zoom y el canal de YouTube del Ministerio de Producci\u00f3n, Ciencia y Tecnolog\u00eda.<\/p>\n<p>En el encuentro, disertar\u00e1 el director del Instituto de Gen\u00e9tica Veterinaria Ingeniero Fernando Noel Dulot (IgeVet) \u2013 Universidad Nacional De la Plata (UNLP) \u2013 CONICET, Guillermo Giovambattista, referente de la tem\u00e1tica en nuestro pa\u00eds.<\/p>\n<p>Se\u00a0 abordar\u00e1 la gen\u00e9tica molecular como soporte para la resoluci\u00f3n de casos de abigeato; toma de muestras y cadena de custodia; experiencia adquirida en el marco del convenio UNLP y Ministerio de Justicia Bonaerense: \u201cPrograma Provincial de Prevenci\u00f3n de Abigeato de bovinos, ovinos y equinos\u201d; construcci\u00f3n de una base de datos gen\u00e9ticos para la comparaci\u00f3n de perfiles; efecto disuasorio de la t\u00e9cnica; resultados obtenidos: reducci\u00f3n del \u00edndice delictivo; narraci\u00f3n de algunos casos emblem\u00e1ticos y otras aplicaciones pr\u00e1cticas del ADN en la trazabilidad.<\/p>\n<p>Para inscribirte y participar de la conferencia ingresar al siguiente link:\u00a0<a href=\"http:\/\/shorturl.at\/hjqxU\" target=\"_blank\" rel=\"noopener noreferrer\">http:\/\/shorturl.at\/hjqxU<\/a><\/p>\n<p>&nbsp;<\/p>\n","protected":false},"excerpt":{"rendered":"<p>Ser\u00e1 este jueves, a las 17, v\u00eda Zoom y YouTube. La actividad es gratuita y apta para todo p\u00fablico, con inscripci\u00f3n previa<\/p>\n","protected":false},"author":5,"featured_media":0,"comment_status":"open","ping_status":"open","sticky":false,"template":"","format":"standard","meta":[],"categories":[29],"tags":[3431,4391,4328],"_links":{"self":[{"href":"http:\/\/rurallascolonias.com.ar\/index.php?rest_route=\/wp\/v2\/posts\/19248"}],"collection":[{"href":"http:\/\/rurallascolonias.com.ar\/index.php?rest_route=\/wp\/v2\/posts"}],"about":[{"href":"http:\/\/rurallascolonias.com.ar\/index.php?rest_route=\/wp\/v2\/types\/post"}],"author":[{"embeddable":true,"href":"http:\/\/rurallascolonias.com.ar\/index.php?rest_route=\/wp\/v2\/users\/5"}],"replies":[{"embeddable":true,"href":"http:\/\/rurallascolonias.com.ar\/index.php?rest_route=%2Fwp%2Fv2%2Fcomments&post=19248"}],"version-history":[{"count":1,"href":"http:\/\/rurallascolonias.com.ar\/index.php?rest_route=\/wp\/v2\/posts\/19248\/revisions"}],"predecessor-version":[{"id":19250,"href":"http:\/\/rurallascolonias.com.ar\/index.php?rest_route=\/wp\/v2\/posts\/19248\/revisions\/19250"}],"wp:attachment":[{"href":"http:\/\/rurallascolonias.com.ar\/index.php?rest_route=%2Fwp%2Fv2%2Fmedia&parent=19248"}],"wp:term":[{"taxonomy":"category","embeddable":true,"href":"http:\/\/rurallascolonias.com.ar\/index.php?rest_route=%2Fwp%2Fv2%2Fcategories&post=19248"},{"taxonomy":"post_tag","embeddable":true,"href":"http:\/\/rurallascolonias.com.ar\/index.php?rest_route=%2Fwp%2Fv2%2Ftags&post=19248"}],"curies":[{"name":"wp","href":"https:\/\/api.w.org\/{rel}","templated":true}]}}