{"id":19127,"date":"2020-09-29T11:54:47","date_gmt":"2020-09-29T11:54:47","guid":{"rendered":"http:\/\/rurallascolonias.com.ar\/?p=19127"},"modified":"2020-09-29T11:54:47","modified_gmt":"2020-09-29T11:54:47","slug":"el-gobierno-analiza-una-baja-temporaria-de-retenciones-al-agro-y-los-lacteos","status":"publish","type":"post","link":"http:\/\/rurallascolonias.com.ar\/?p=19127","title":{"rendered":"EL GOBIERNO ANALIZA UNA BAJA TEMPORARIA DE RETENCIONES AL AGRO, \u00bfY LOS L\u00c1CTEOS?"},"content":{"rendered":"<p><em><strong><a href=\"http:\/\/rurallascolonias.com.ar\/?attachment_id=19130\" rel=\"attachment wp-att-19130\"><img loading=\"lazy\" class=\"aligncenter size-full wp-image-19130\" src=\"http:\/\/rurallascolonias.com.ar\/wp-content\/uploads\/2020\/09\/Fijan-precios-de-referencia-para-la-exportaci\u00f3n-de-leche-en-polvo.jpg\" alt=\"\" width=\"829\" height=\"466\" srcset=\"http:\/\/rurallascolonias.com.ar\/wp-content\/uploads\/2020\/09\/Fijan-precios-de-referencia-para-la-exportaci\u00f3n-de-leche-en-polvo.jpg 829w, http:\/\/rurallascolonias.com.ar\/wp-content\/uploads\/2020\/09\/Fijan-precios-de-referencia-para-la-exportaci\u00f3n-de-leche-en-polvo-300x169.jpg 300w, http:\/\/rurallascolonias.com.ar\/wp-content\/uploads\/2020\/09\/Fijan-precios-de-referencia-para-la-exportaci\u00f3n-de-leche-en-polvo-768x432.jpg 768w, http:\/\/rurallascolonias.com.ar\/wp-content\/uploads\/2020\/09\/Fijan-precios-de-referencia-para-la-exportaci\u00f3n-de-leche-en-polvo-600x337.jpg 600w, http:\/\/rurallascolonias.com.ar\/wp-content\/uploads\/2020\/09\/Fijan-precios-de-referencia-para-la-exportaci\u00f3n-de-leche-en-polvo-624x351.jpg 624w\" sizes=\"(max-width: 829px) 100vw, 829px\" \/><\/a>En el d\u00eda de ayer comenzaron a circular rumores que aseguran que el Gobierno analiza bajar las retenciones al campo para aumentar la oferta de d\u00f3lares en el corto plazo<\/strong><\/em><!--more--><\/p>\n<p>La medida busca un mayor ingreso de d\u00f3lares en el corto plazo, por lo que todo indicar\u00eda que se est\u00e1 pensando m\u00e1s que nada en soja y ma\u00edz. Hoy la soja paga 33% y el ma\u00edz, 12%.<\/p>\n<p>la baja que se estar\u00eda analizando es temporaria, se habla del per\u00edodo octubre-diciembre, y busca impulsar a los productores a vender y generar mayor oferta de divisas.<\/p>\n<p>Lo que analizan en el gabinete econ\u00f3mico es que si se redujeran por un tiempo algunos puntos estos derechos, los productores vender\u00edan porque necesitan fondearse para la pr\u00f3xima campa\u00f1a, precis\u00f3 una fuente del sector. En el caso del ma\u00edz, los productores vendieron el 71% de la cosecha, mientras que en el caso de la soja, se comercializ\u00f3 el 62% hasta el momento.<\/p>\n<h3>\u00bfY los l\u00e1cteos?<\/h3>\n<p>Hoy todos los l\u00e1cteos tributan 5% de retenciones, salvo la leche en polvo que est\u00e1 en 9%. Si las razones por la que se tomar\u00eda esta medida tiene como \u00fanica finalidad la del ingreso de d\u00f3lares parece dif\u00edcil que se piense en el sector para recaudar.<\/p>\n<p>Pero tal vez no ser\u00eda una mala idea que no s\u00f3lo se piense en la recaudaci\u00f3n fiscal y se caiga una idea que ayude al sector productivo. Por ejemplo, igualar la leche en polvo con el resto de los l\u00e1cteos ser\u00eda un paso muy importante para la cadena, que hasta el mes de agosto export\u00f3 por 668,9 millones de d\u00f3lares, de los cuales el 51% es por leche en polvo, que tributa 4% m\u00e1s que el resto de los l\u00e1cteos.<\/p>\n<p><a href=\"http:\/\/rurallascolonias.com.ar\/?attachment_id=19128\" rel=\"attachment wp-att-19128\"><img loading=\"lazy\" class=\"aligncenter size-full wp-image-19128\" src=\"http:\/\/rurallascolonias.com.ar\/wp-content\/uploads\/2020\/09\/Expo-OCLA.png\" alt=\"\" width=\"768\" height=\"402\" srcset=\"http:\/\/rurallascolonias.com.ar\/wp-content\/uploads\/2020\/09\/Expo-OCLA.png 768w, http:\/\/rurallascolonias.com.ar\/wp-content\/uploads\/2020\/09\/Expo-OCLA-300x157.png 300w, http:\/\/rurallascolonias.com.ar\/wp-content\/uploads\/2020\/09\/Expo-OCLA-600x314.png 600w, http:\/\/rurallascolonias.com.ar\/wp-content\/uploads\/2020\/09\/Expo-OCLA-624x327.png 624w\" sizes=\"(max-width: 768px) 100vw, 768px\" \/><\/a><\/p>\n<p>Esta discriminaci\u00f3n no hace m\u00e1s que revelar lo que todos sabemos, las retenciones son un impuesto confiscatorio a los rubros que m\u00e1s se mueven. Ser\u00eda una buena oportunidad para que se muestre una se\u00f1al diferente, m\u00e1s teniendo en cuenta c\u00f3mo ha ido cayendo el precio de la leche en polvo en los \u00faltimos cinco meses.<\/p>\n<p><a href=\"http:\/\/rurallascolonias.com.ar\/?attachment_id=19129\" rel=\"attachment wp-att-19129\"><img loading=\"lazy\" class=\"aligncenter size-full wp-image-19129\" src=\"http:\/\/rurallascolonias.com.ar\/wp-content\/uploads\/2020\/09\/Precios-OCLA.png\" alt=\"\" width=\"768\" height=\"515\" srcset=\"http:\/\/rurallascolonias.com.ar\/wp-content\/uploads\/2020\/09\/Precios-OCLA.png 768w, http:\/\/rurallascolonias.com.ar\/wp-content\/uploads\/2020\/09\/Precios-OCLA-300x201.png 300w, http:\/\/rurallascolonias.com.ar\/wp-content\/uploads\/2020\/09\/Precios-OCLA-600x402.png 600w, http:\/\/rurallascolonias.com.ar\/wp-content\/uploads\/2020\/09\/Precios-OCLA-624x418.png 624w\" sizes=\"(max-width: 768px) 100vw, 768px\" \/><\/a><\/p>\n<p><span class=\"color-blue\">Por\u00a0<\/span><a href=\"https:\/\/edairynews.com\/es\/author\/damianmorais\/\" rel=\"author\"><b>Dami\u00e1n Morais<\/b><\/a><\/p>\n","protected":false},"excerpt":{"rendered":"<p>En el d\u00eda de ayer comenzaron a circular rumores que aseguran que el Gobierno analiza bajar las retenciones al campo para aumentar la oferta de d\u00f3lares en el corto plazo<\/p>\n","protected":false},"author":5,"featured_media":0,"comment_status":"open","ping_status":"open","sticky":false,"template":"","format":"standard","meta":[],"categories":[14],"tags":[110,176,47,77],"_links":{"self":[{"href":"http:\/\/rurallascolonias.com.ar\/index.php?rest_route=\/wp\/v2\/posts\/19127"}],"collection":[{"href":"http:\/\/rurallascolonias.com.ar\/index.php?rest_route=\/wp\/v2\/posts"}],"about":[{"href":"http:\/\/rurallascolonias.com.ar\/index.php?rest_route=\/wp\/v2\/types\/post"}],"author":[{"embeddable":true,"href":"http:\/\/rurallascolonias.com.ar\/index.php?rest_route=\/wp\/v2\/users\/5"}],"replies":[{"embeddable":true,"href":"http:\/\/rurallascolonias.com.ar\/index.php?rest_route=%2Fwp%2Fv2%2Fcomments&post=19127"}],"version-history":[{"count":1,"href":"http:\/\/rurallascolonias.com.ar\/index.php?rest_route=\/wp\/v2\/posts\/19127\/revisions"}],"predecessor-version":[{"id":19131,"href":"http:\/\/rurallascolonias.com.ar\/index.php?rest_route=\/wp\/v2\/posts\/19127\/revisions\/19131"}],"wp:attachment":[{"href":"http:\/\/rurallascolonias.com.ar\/index.php?rest_route=%2Fwp%2Fv2%2Fmedia&parent=19127"}],"wp:term":[{"taxonomy":"category","embeddable":true,"href":"http:\/\/rurallascolonias.com.ar\/index.php?rest_route=%2Fwp%2Fv2%2Fcategories&post=19127"},{"taxonomy":"post_tag","embeddable":true,"href":"http:\/\/rurallascolonias.com.ar\/index.php?rest_route=%2Fwp%2Fv2%2Ftags&post=19127"}],"curies":[{"name":"wp","href":"https:\/\/api.w.org\/{rel}","templated":true}]}}