{"id":19090,"date":"2020-09-08T13:08:19","date_gmt":"2020-09-08T13:08:19","guid":{"rendered":"http:\/\/rurallascolonias.com.ar\/?p=19090"},"modified":"2020-09-08T13:08:19","modified_gmt":"2020-09-08T13:08:19","slug":"hoy-se-celebra-el-dia-de-la-agricultura-y-del-productor-agropecuario","status":"publish","type":"post","link":"http:\/\/rurallascolonias.com.ar\/?p=19090","title":{"rendered":"HOY SE CELEBRA EL D\u00cdA DE LA AGRICULTURA Y DEL PRODUCTOR AGROPECUARIO"},"content":{"rendered":"<p><em><strong><a href=\"http:\/\/rurallascolonias.com.ar\/?attachment_id=19091\" rel=\"attachment wp-att-19091\"><img loading=\"lazy\" class=\"aligncenter size-full wp-image-19091\" src=\"http:\/\/rurallascolonias.com.ar\/wp-content\/uploads\/2020\/09\/folleto-dia-del-agricultor.jpg\" alt=\"\" width=\"1080\" height=\"1920\" srcset=\"http:\/\/rurallascolonias.com.ar\/wp-content\/uploads\/2020\/09\/folleto-dia-del-agricultor.jpg 1080w, http:\/\/rurallascolonias.com.ar\/wp-content\/uploads\/2020\/09\/folleto-dia-del-agricultor-169x300.jpg 169w, http:\/\/rurallascolonias.com.ar\/wp-content\/uploads\/2020\/09\/folleto-dia-del-agricultor-768x1365.jpg 768w, http:\/\/rurallascolonias.com.ar\/wp-content\/uploads\/2020\/09\/folleto-dia-del-agricultor-576x1024.jpg 576w, http:\/\/rurallascolonias.com.ar\/wp-content\/uploads\/2020\/09\/folleto-dia-del-agricultor-600x1067.jpg 600w, http:\/\/rurallascolonias.com.ar\/wp-content\/uploads\/2020\/09\/folleto-dia-del-agricultor-624x1109.jpg 624w\" sizes=\"(max-width: 1080px) 100vw, 1080px\" \/><\/a>En 1944 se instituy\u00f3 el d\u00eda de la agricultura y del productor agropecuario en conmemoraci\u00f3n de la fundaci\u00f3n de la primera colonia agr\u00edcola del pa\u00eds: Esperanza; y en reconocimiento del esfuerzo y valor al trabajo diario para el progreso del pa\u00eds<\/strong><\/em><\/p>\n","protected":false},"excerpt":{"rendered":"<p>En 1944 se instituy\u00f3 el d\u00eda de la agricultura y del productor agropecuario en conmemoraci\u00f3n de la fundaci\u00f3n de la primera colonia agr\u00edcola del pa\u00eds: Esperanza; y en reconocimiento del esfuerzo y valor al trabajo diario para el progreso del pa\u00eds<\/p>\n","protected":false},"author":5,"featured_media":0,"comment_status":"open","ping_status":"open","sticky":false,"template":"","format":"standard","meta":[],"categories":[1],"tags":[],"_links":{"self":[{"href":"http:\/\/rurallascolonias.com.ar\/index.php?rest_route=\/wp\/v2\/posts\/19090"}],"collection":[{"href":"http:\/\/rurallascolonias.com.ar\/index.php?rest_route=\/wp\/v2\/posts"}],"about":[{"href":"http:\/\/rurallascolonias.com.ar\/index.php?rest_route=\/wp\/v2\/types\/post"}],"author":[{"embeddable":true,"href":"http:\/\/rurallascolonias.com.ar\/index.php?rest_route=\/wp\/v2\/users\/5"}],"replies":[{"embeddable":true,"href":"http:\/\/rurallascolonias.com.ar\/index.php?rest_route=%2Fwp%2Fv2%2Fcomments&post=19090"}],"version-history":[{"count":1,"href":"http:\/\/rurallascolonias.com.ar\/index.php?rest_route=\/wp\/v2\/posts\/19090\/revisions"}],"predecessor-version":[{"id":19092,"href":"http:\/\/rurallascolonias.com.ar\/index.php?rest_route=\/wp\/v2\/posts\/19090\/revisions\/19092"}],"wp:attachment":[{"href":"http:\/\/rurallascolonias.com.ar\/index.php?rest_route=%2Fwp%2Fv2%2Fmedia&parent=19090"}],"wp:term":[{"taxonomy":"category","embeddable":true,"href":"http:\/\/rurallascolonias.com.ar\/index.php?rest_route=%2Fwp%2Fv2%2Fcategories&post=19090"},{"taxonomy":"post_tag","embeddable":true,"href":"http:\/\/rurallascolonias.com.ar\/index.php?rest_route=%2Fwp%2Fv2%2Ftags&post=19090"}],"curies":[{"name":"wp","href":"https:\/\/api.w.org\/{rel}","templated":true}]}}