{"id":19077,"date":"2020-09-04T20:39:42","date_gmt":"2020-09-04T20:39:42","guid":{"rendered":"http:\/\/rurallascolonias.com.ar\/?p=19077"},"modified":"2020-09-04T20:39:42","modified_gmt":"2020-09-04T20:39:42","slug":"charla-virtual-toros-hereford-en-rodeos-lecheros-y-arte-con-iatf","status":"publish","type":"post","link":"http:\/\/rurallascolonias.com.ar\/?p=19077","title":{"rendered":"CHARLA VIRTUAL \u00abToros Hereford en rodeos lecheros\u00bb y \u00abArte con IATF\u00bb"},"content":{"rendered":"<p><em><strong><a href=\"http:\/\/rurallascolonias.com.ar\/?attachment_id=19078\" rel=\"attachment wp-att-19078\"><img loading=\"lazy\" class=\"aligncenter size-full wp-image-19078\" src=\"http:\/\/rurallascolonias.com.ar\/wp-content\/uploads\/2020\/09\/charla-virtual.jpg\" alt=\"\" width=\"680\" height=\"721\" srcset=\"http:\/\/rurallascolonias.com.ar\/wp-content\/uploads\/2020\/09\/charla-virtual.jpg 680w, http:\/\/rurallascolonias.com.ar\/wp-content\/uploads\/2020\/09\/charla-virtual-283x300.jpg 283w, http:\/\/rurallascolonias.com.ar\/wp-content\/uploads\/2020\/09\/charla-virtual-600x636.jpg 600w, http:\/\/rurallascolonias.com.ar\/wp-content\/uploads\/2020\/09\/charla-virtual-624x662.jpg 624w\" sizes=\"(max-width: 680px) 100vw, 680px\" \/><\/a>La misma se desarrollar\u00e1 el pr\u00f3ximo 8 de septiembre, 18.30 hs.<\/strong><\/em><!--more--><\/p>\n<table class=\"x_MsoNormalTable\" border=\"0\" width=\"680\" cellspacing=\"1\" cellpadding=\"0\">\n<tbody>\n<tr>\n<td>\n<p class=\"x_MsoNormal\">COMUNICADO DE PRENSA<\/p>\n<\/td>\n<\/tr>\n<tr>\n<td>\n<p class=\"x_MsoNormal\">\n<\/td>\n<\/tr>\n<tr>\n<td>\n<p class=\"x_MsoNormal\" align=\"center\"><b>TOROS HEREFORD EN RODEOS LECHEROS y ARTE CON IATF<\/b><\/p>\n<\/td>\n<\/tr>\n<tr>\n<td>\n<p class=\"x_MsoNormal\" align=\"center\">ser\u00e1n los temas del pr\u00f3ximo\u00a0\u201cMartes con Hereford\u201d<\/p>\n<\/td>\n<\/tr>\n<tr>\n<td>\n<p class=\"x_MsoNormal\">\n<\/td>\n<\/tr>\n<tr>\n<td>Continuando el ciclo de charlas t\u00e9cnicas y de inter\u00e9s ganadero que viene realizando las Asociaci\u00f3n Argentina Criadores de Hereford desde principios de mayo, el pr\u00f3ximo martes 8 la tem\u00e1tica ser\u00e1 muy especial: en primer t\u00e9rmino, dos t\u00e9cnicas invitadas se referir\u00e1n a experiencias y resultados del uso de toros Hereford en rodeos lecheros en Nueva Zelanda e Irlanda, pa\u00edses en los cuales se trata de una pr\u00e1ctica muy utilizada en los tambos para mejorar la cantidad y sobre todo la calidad carnicera de los terneros machos.<\/p>\n<p>La Ing. Agr. Natalia Martin, de nacionalidad argentina con actual residencia en Nueva Zelanda, tiene experiencia en este tema por su v\u00ednculo con Beef &amp; Lamb Genetics que incluso hace pruebas de progenie y comportamiento para la evaluaci\u00f3n de resultados; por su parte, la Dra. Ruth Dunne, t\u00e9cnica investigadora del Teagasc Research Center de Irlanda, informar\u00e1 los datos y resultados logrados en ese pa\u00eds.<\/p>\n<p>Aunque el uso de toros Hereford en vientres de tambo no es usual en la Argentina, esta sesi\u00f3n de complementar\u00e1 con algunos testimonios de productores ganaderos locales que lo est\u00e1n llevando a cabo con interesantes resultados.<\/p>\n<p>Esta sesi\u00f3n se completar\u00e1 con una presentaci\u00f3n a cargo del M.V. Ezequiel Bellocq, integrante del servicio t\u00e9cnico de Biog\u00e9nesis Bag\u00f3 para el sudeste de Buenos Aires y Noreste de La Pampa, quien se referir\u00e1 a la IATF como \u201cEl arte de adelantar la pre\u00f1ez y ganar m\u00e1s kilos\u201d: dos temas verdaderamente atractivos cuya tem\u00e1tica consiste en producir m\u00e1s y mejores kilos de carne para aumentar la rentabilidad.<\/p>\n<p>Los interesados podr\u00e1n registrarse sin cargo y encontrar\u00e1n informaci\u00f3n completa sobre la Asociaci\u00f3n y la raza en la web,\u00a0<a href=\"https:\/\/mailing.codingar.com\/clientes\/l\/1z1x1JiNbTsKzusgDQHF6g\/Amj2VFcrqdMiAYnfC6woXQ\/tWJ7EgUUpaXEkZIBjnCVjg\" target=\"_blank\" rel=\"noopener noreferrer\" data-auth=\"NotApplicable\">www.hereford.org.ar<\/a><\/td>\n<\/tr>\n<\/tbody>\n<\/table>\n","protected":false},"excerpt":{"rendered":"<p>La misma se desarrollar\u00e1 el pr\u00f3ximo 8 de septiembre, 18.30 hs.<\/p>\n","protected":false},"author":5,"featured_media":0,"comment_status":"open","ping_status":"open","sticky":false,"template":"","format":"standard","meta":[],"categories":[29],"tags":[],"_links":{"self":[{"href":"http:\/\/rurallascolonias.com.ar\/index.php?rest_route=\/wp\/v2\/posts\/19077"}],"collection":[{"href":"http:\/\/rurallascolonias.com.ar\/index.php?rest_route=\/wp\/v2\/posts"}],"about":[{"href":"http:\/\/rurallascolonias.com.ar\/index.php?rest_route=\/wp\/v2\/types\/post"}],"author":[{"embeddable":true,"href":"http:\/\/rurallascolonias.com.ar\/index.php?rest_route=\/wp\/v2\/users\/5"}],"replies":[{"embeddable":true,"href":"http:\/\/rurallascolonias.com.ar\/index.php?rest_route=%2Fwp%2Fv2%2Fcomments&post=19077"}],"version-history":[{"count":1,"href":"http:\/\/rurallascolonias.com.ar\/index.php?rest_route=\/wp\/v2\/posts\/19077\/revisions"}],"predecessor-version":[{"id":19079,"href":"http:\/\/rurallascolonias.com.ar\/index.php?rest_route=\/wp\/v2\/posts\/19077\/revisions\/19079"}],"wp:attachment":[{"href":"http:\/\/rurallascolonias.com.ar\/index.php?rest_route=%2Fwp%2Fv2%2Fmedia&parent=19077"}],"wp:term":[{"taxonomy":"category","embeddable":true,"href":"http:\/\/rurallascolonias.com.ar\/index.php?rest_route=%2Fwp%2Fv2%2Fcategories&post=19077"},{"taxonomy":"post_tag","embeddable":true,"href":"http:\/\/rurallascolonias.com.ar\/index.php?rest_route=%2Fwp%2Fv2%2Ftags&post=19077"}],"curies":[{"name":"wp","href":"https:\/\/api.w.org\/{rel}","templated":true}]}}