{"id":19072,"date":"2020-09-02T12:14:04","date_gmt":"2020-09-02T12:14:04","guid":{"rendered":"http:\/\/rurallascolonias.com.ar\/?p=19072"},"modified":"2020-09-02T12:14:04","modified_gmt":"2020-09-02T12:14:04","slug":"vicentin-vendio-sus-acciones-y-se-desprendio-de-friar","status":"publish","type":"post","link":"http:\/\/rurallascolonias.com.ar\/?p=19072","title":{"rendered":"VICENTIN VENDI\u00d3 SUS ACCIONES Y SE DESPRENDI\u00d3 DE FRIAR"},"content":{"rendered":"<p><em><strong><a href=\"http:\/\/rurallascolonias.com.ar\/?attachment_id=19073\" rel=\"attachment wp-att-19073\"><img loading=\"lazy\" class=\"aligncenter size-full wp-image-19073\" src=\"http:\/\/rurallascolonias.com.ar\/wp-content\/uploads\/2020\/09\/friar.jpg\" alt=\"\" width=\"300\" height=\"168\" \/><\/a>Las acciones que hasta el momento ten\u00eda Vicentin fueron adquiridas por el fondo (BAF Capital), uno de los principales inversores (y acreedores) de SanCor<\/strong><\/em><!--more--><\/p>\n<p>Vicentin Family Group, la holding de inversiones de la cerealera concursada a inicios de este a\u00f1o con un pasivo cercano a los $20.000 millones, vendi\u00f3 el 50% que ten\u00eda en el frigor\u00edfico Friar, que tiene sus oficinas administrativas y su principal planta en la ciudad de Reconquista.<\/p>\n<p>La informaci\u00f3n fue confirmada a trav\u00e9s de\u00a0<em>Aire de Santa Fe<\/em>\u00a0por \u00c9lida Thiery, corresponsal en Rafaela y periodista especializada en la industria de la lecher\u00eda. El comprador de esas acciones fue el fondo Buenos Aires Finantial Capital (BAF Capital), uno de los principales inversores (y acreedores) de SanCor.<\/p>\n<p>La transacci\u00f3n, cuyo precio no trascendi\u00f3, fue revelada este lunes por la noche por el periodista Mat\u00edas Longoni y la noticia corri\u00f3 como reguero de p\u00f3lvora.<\/p>\n<p>BAF no s\u00f3lo adquiri\u00f3 las acciones que hasta el momento pertenec\u00edan a Vicentin Family Group: se hizo tambi\u00e9n con el 49% que estaba en manos de Nacadi\u00e9 SA, una sociedad uruguaya tambi\u00e9n vinculada con Vicentin.<\/p>\n<p>Para tener la propiedad total de la empresa frigor\u00edfica s\u00f3lo le falta el 0,4% que pertenece a los activos de Vicentin SAIC, el gigante cerealero que el gobierno de Alberto Fern\u00e1ndez intent\u00f3 intervenir y estatizar.<\/p>\n<p>La conexi\u00f3n de BAF Capital con Vicentin no es reciente. En las \u00faltimas semanas, fueron fuertes los comentarios sobre negociaciones para recuperar la l\u00ednea de yogures y postres de la marca SanCor, que produce y comercializa Arsa, la empresa de refrigerados de Vicentin.<\/p>\n<p>En Reconquista, donde est\u00e1 radicado el concurso de Vicentin, afirman que desde BAF tambi\u00e9n mantuvieron contactos con el juez a cargo de la convocatoria de acreedores, Fabi\u00e1n Lorenzini, para interiorizarse de los pormenores del expediente.<\/p>\n<p>Fuente: EDXD<\/p>\n","protected":false},"excerpt":{"rendered":"<p>Las acciones que hasta el momento ten\u00eda Vicentin fueron adquiridas por el fondo (BAF Capital), uno de los principales inversores (y acreedores) de SanCor<\/p>\n","protected":false},"author":5,"featured_media":0,"comment_status":"open","ping_status":"open","sticky":false,"template":"","format":"standard","meta":[],"categories":[42],"tags":[3951,4381,2988],"_links":{"self":[{"href":"http:\/\/rurallascolonias.com.ar\/index.php?rest_route=\/wp\/v2\/posts\/19072"}],"collection":[{"href":"http:\/\/rurallascolonias.com.ar\/index.php?rest_route=\/wp\/v2\/posts"}],"about":[{"href":"http:\/\/rurallascolonias.com.ar\/index.php?rest_route=\/wp\/v2\/types\/post"}],"author":[{"embeddable":true,"href":"http:\/\/rurallascolonias.com.ar\/index.php?rest_route=\/wp\/v2\/users\/5"}],"replies":[{"embeddable":true,"href":"http:\/\/rurallascolonias.com.ar\/index.php?rest_route=%2Fwp%2Fv2%2Fcomments&post=19072"}],"version-history":[{"count":1,"href":"http:\/\/rurallascolonias.com.ar\/index.php?rest_route=\/wp\/v2\/posts\/19072\/revisions"}],"predecessor-version":[{"id":19074,"href":"http:\/\/rurallascolonias.com.ar\/index.php?rest_route=\/wp\/v2\/posts\/19072\/revisions\/19074"}],"wp:attachment":[{"href":"http:\/\/rurallascolonias.com.ar\/index.php?rest_route=%2Fwp%2Fv2%2Fmedia&parent=19072"}],"wp:term":[{"taxonomy":"category","embeddable":true,"href":"http:\/\/rurallascolonias.com.ar\/index.php?rest_route=%2Fwp%2Fv2%2Fcategories&post=19072"},{"taxonomy":"post_tag","embeddable":true,"href":"http:\/\/rurallascolonias.com.ar\/index.php?rest_route=%2Fwp%2Fv2%2Ftags&post=19072"}],"curies":[{"name":"wp","href":"https:\/\/api.w.org\/{rel}","templated":true}]}}