{"id":19054,"date":"2020-08-20T18:48:18","date_gmt":"2020-08-20T18:48:18","guid":{"rendered":"http:\/\/rurallascolonias.com.ar\/?p=19054"},"modified":"2020-08-20T19:53:33","modified_gmt":"2020-08-20T19:53:33","slug":"pronosticos-de-fuertes-heladas-afectara-a-los-trigos-en-santa-fe","status":"publish","type":"post","link":"http:\/\/rurallascolonias.com.ar\/?p=19054","title":{"rendered":"PRON\u00d3STICOS DE FUERTES HELADAS: \u00bfAFECTAR\u00c1 A LOS TRIGOS EN SANTA FE?"},"content":{"rendered":"<p><em><strong><a href=\"http:\/\/rurallascolonias.com.ar\/?attachment_id=2889\" rel=\"attachment wp-att-2889\"><img loading=\"lazy\" class=\"aligncenter size-full wp-image-2889\" src=\"http:\/\/rurallascolonias.com.ar\/wp-content\/uploads\/2014\/06\/heladas.jpg\" alt=\"\" width=\"259\" height=\"194\" \/><\/a>Entre ma\u00f1ana y el s\u00e1bado se estiman temperaturas bajo cero en toda la provincia. La situaci\u00f3n de los cultivares var\u00eda seg\u00fan la zona. En el norte ya muestran hoja bandera y ser\u00edan m\u00e1s susceptibles. En el sur m\u00e1s del 60% est\u00e1 en condici\u00f3n regular y sin lluvias antes de fin de mes la situaci\u00f3n puede volverse \u201cseria\u201d<\/strong><\/em><!--more--><\/p>\n<p class=\"selectionShareable\">Los pron\u00f3sticos anticipan que la ola polar traer\u00e1 tres d\u00edas de fuertes heladas en la provincia de Santa Fe, desde ma\u00f1ana jueves hasta el s\u00e1bado inclusive, y la mayor atenci\u00f3n se centra en c\u00f3mo reaccionar\u00e1n los trigos, que vienen sufriendo falta de lluvias y bajas temperaturas. Para obtener un diagn\u00f3stico de primera mano Campolitoral consult\u00f3 a ingenieros agr\u00f3nomos que se desempe\u00f1an en el sur, centro y norte santafesinos. El denominador com\u00fan es que el fr\u00edo queda en un segundo plano frente a una sequ\u00eda que en algunos distritos se iguala con la de 2008.<\/p>\n<p class=\"selectionShareable\">\n<p class=\"selectionShareable\">Desde la AER Ca\u00f1ada de G\u00f3mez del INTA, la extensionista Mar\u00eda Jos\u00e9 Dickie traz\u00f3 un panorama de su \u00e1rea de cobertura, que incluye tambi\u00e9n los distritos de Tortugas, Las Parejas, Armstrong, Villa Elo\u00edsa, Correa y Bustinza. \u201cLa \u00faltima lluvia importante fue en abril, despu\u00e9s nada\u201d, dijo. Por ese motivo s\u00f3lo pudieron sembrarse ciclos largos e intermedios, pero no cortos. La mayor parte hoy se encuentra macollando y algunos m\u00e1s adelantados en enca\u00f1az\u00f3n. \u201cTodos est\u00e1n afectados por un estr\u00e9s h\u00eddrico importante y las heladas, como nunca este a\u00f1o, con registros extremos como los -8.5\u00b0 de Rosario\u201d, relat\u00f3.<\/p>\n<p class=\"selectionShareable\"><a href=\"http:\/\/rurallascolonias.com.ar\/?attachment_id=19056\" rel=\"attachment wp-att-19056\"><img loading=\"lazy\" class=\"aligncenter size-full wp-image-19056\" src=\"http:\/\/rurallascolonias.com.ar\/wp-content\/uploads\/2020\/08\/smn.jpg\" alt=\"\" width=\"630\" height=\"900\" srcset=\"http:\/\/rurallascolonias.com.ar\/wp-content\/uploads\/2020\/08\/smn.jpg 630w, http:\/\/rurallascolonias.com.ar\/wp-content\/uploads\/2020\/08\/smn-210x300.jpg 210w, http:\/\/rurallascolonias.com.ar\/wp-content\/uploads\/2020\/08\/smn-600x857.jpg 600w, http:\/\/rurallascolonias.com.ar\/wp-content\/uploads\/2020\/08\/smn-624x891.jpg 624w\" sizes=\"(max-width: 630px) 100vw, 630px\" \/><\/a><\/p>\n<p class=\"selectionShareable\">A esto se sum\u00f3 otra helada la semana pasada de -5\u00b0 que \u201cafect\u00f3 bastante al cultivo, hay una reducci\u00f3n de \u00e1rea foliar por muerte de tejido en las hojas; y si ahora se cumple el pron\u00f3stico de -2\u00b0 tambi\u00e9n lo afectar\u00eda bastante\u201d. Aunque el impacto final depender\u00e1 de la duraci\u00f3n, a priori las heladas \u201cno ser\u00edan fuertes en esta zona y no ser\u00eda tan grave, lo m\u00e1s preocupante es la falta de lluvia\u201d.<\/p>\n<p class=\"selectionShareable\">\n<p class=\"selectionShareable\">Algunos trigos -a\u00f1adi\u00f3- est\u00e1n en mejor situaci\u00f3n, por manejo o aporte de napas, y soportar\u00edan la ola polar. Pero \u201ca los que vienen estresados y est\u00e1n regulares los va a afectar m\u00e1s; estuvimos mirando que m\u00e1s o menos un 60\/70% est\u00e1n en estado regular\u201d, dijo la ingeniera. La complicaci\u00f3n se tornar\u00eda grave si no reciben lluvias \u00fatiles antes de fin de mes. Los rendimientos ya est\u00e1n afectados, entre 5 y 10% aproximadamente, pero sin precipitaciones en los pr\u00f3ximos 10 d\u00edas la situaci\u00f3n se tornar\u00eda \u201cseria\u201d.<\/p>\n<p class=\"selectionShareable\">En el centro provincial, el ingeniero Claudio Bosco puso el \u00e9nfasis en la diferente tolerancia seg\u00fan el estad\u00edo del trigo, as\u00ed como respecto de la variedad sembrada y la adaptaci\u00f3n que tengan hasta el momento. \u201cHoy vienen rustificadas las plantas, porque vienen pegando heladitas y no hubo 10 d\u00edas de calor y lluvias que lo hayan vuelto \u2018una lechuga\u2019 al trigo, por eso pienso que lo tendr\u00eda que superar bastante bien\u201d. Y agreg\u00f3 que tambi\u00e9n podr\u00eda variar el impacto de las heladas seg\u00fan la ubicaci\u00f3n del lote. \u201cUna cosa es en la loma alta, donde no la van a sentir; otra es en San Fabi\u00e1n (departamento San Jer\u00f3nimo), que tampoco la va a sentir porque est\u00e1 pegado al r\u00edo; y otra es Carlos Pellegrini (departamento San Mart\u00edn) o Las Varillas (C\u00f3rdoba), cuando te met\u00e9s m\u00e1s al continente las heladas son mucho m\u00e1s crudas; y si se suma que la planta la viene peleando con un d\u00e9ficit h\u00eddrico esto puede ser un tiro de gracia\u201d, explic\u00f3.<\/p>\n<p class=\"selectionShareable\">\n<p class=\"selectionShareable\">Desde el oeste de la zona central de la provincia, en El Tr\u00e9bol (departamento San Mart\u00edn), el ingeniero Pablo Ponzio de la consultora Agromaker consider\u00f3 que las heladas podr\u00edan impactar m\u00e1s en cultivos sin nutrici\u00f3n. \u201cLos trigos que est\u00e1n bien fertilizados, se puso urea y se sembr\u00f3 con arrancador, esos todav\u00eda est\u00e1n en carrera\u201d, indic\u00f3. En general ya tienen un nudo y empiezan a elongar, por lo que las bajas temperaturas ayudar\u00edan a controlar la altura. \u201cNo creo que tengamos da\u00f1os por heladas\u201d, estim\u00f3, dado que estos materiales \u201cest\u00e1n bien rustificados y al estar fertilizados tienen buenas defensas\u201d. En cambio los lotes sin buena nutrici\u00f3n \u201cpueden llegar perder algo de hoja y macollos, por la helada y la sequ\u00eda\u201d. En la zona, apunt\u00f3, suman 100 d\u00edas sin precipitaciones.<\/p>\n<p class=\"selectionShareable\"><a href=\"http:\/\/rurallascolonias.com.ar\/?attachment_id=19055\" rel=\"attachment wp-att-19055\"><img loading=\"lazy\" class=\"aligncenter size-full wp-image-19055\" src=\"http:\/\/rurallascolonias.com.ar\/wp-content\/uploads\/2020\/08\/heladas.jpg\" alt=\"\" width=\"1024\" height=\"633\" srcset=\"http:\/\/rurallascolonias.com.ar\/wp-content\/uploads\/2020\/08\/heladas.jpg 1024w, http:\/\/rurallascolonias.com.ar\/wp-content\/uploads\/2020\/08\/heladas-300x185.jpg 300w, http:\/\/rurallascolonias.com.ar\/wp-content\/uploads\/2020\/08\/heladas-768x475.jpg 768w, http:\/\/rurallascolonias.com.ar\/wp-content\/uploads\/2020\/08\/heladas-600x371.jpg 600w, http:\/\/rurallascolonias.com.ar\/wp-content\/uploads\/2020\/08\/heladas-624x386.jpg 624w\" sizes=\"(max-width: 1024px) 100vw, 1024px\" \/><\/a><\/p>\n<p class=\"selectionShareable\">En tanto en el norte, desde Reconquista el ingeniero Rub\u00e9n del Fabro sostuvo que en General Obligado un 20% de los trigos del distrito (7.000 de 35.000 hect\u00e1reas en total) \u201cfueron sembradas temprano y ser\u00edan los cultivos que estar\u00edan m\u00e1s afectados con una helada; porque est\u00e1n pr\u00e1cticamente con hoja bandera en inicio de espigaz\u00f3n\u201d. Pero aclar\u00f3: \u201chay que tener en cuenta que ya hay un importante da\u00f1o por la sequ\u00eda, en pleno macollaje se plant\u00f3 al seca y eso influye mucho en menor desarrollo de planta\u201d. Si bien es incierto a\u00fan determinar da\u00f1os, se da por hecho que los trigos de la zona acusar\u00e1n el impacto del clima.<\/p>\n<p class=\"selectionShareable\">Fuente: Campo Litoral<\/p>\n","protected":false},"excerpt":{"rendered":"<p>Entre ma\u00f1ana y el s\u00e1bado se estiman temperaturas bajo cero en toda la provincia. La situaci\u00f3n de los cultivares var\u00eda seg\u00fan la zona. En el norte ya muestran hoja bandera y ser\u00edan m\u00e1s susceptibles. En el sur m\u00e1s del 60% est\u00e1 en condici\u00f3n regular y sin lluvias antes de fin de mes la situaci\u00f3n puede [&hellip;]<\/p>\n","protected":false},"author":5,"featured_media":0,"comment_status":"open","ping_status":"open","sticky":false,"template":"","format":"standard","meta":[],"categories":[40],"tags":[1069,27],"_links":{"self":[{"href":"http:\/\/rurallascolonias.com.ar\/index.php?rest_route=\/wp\/v2\/posts\/19054"}],"collection":[{"href":"http:\/\/rurallascolonias.com.ar\/index.php?rest_route=\/wp\/v2\/posts"}],"about":[{"href":"http:\/\/rurallascolonias.com.ar\/index.php?rest_route=\/wp\/v2\/types\/post"}],"author":[{"embeddable":true,"href":"http:\/\/rurallascolonias.com.ar\/index.php?rest_route=\/wp\/v2\/users\/5"}],"replies":[{"embeddable":true,"href":"http:\/\/rurallascolonias.com.ar\/index.php?rest_route=%2Fwp%2Fv2%2Fcomments&post=19054"}],"version-history":[{"count":1,"href":"http:\/\/rurallascolonias.com.ar\/index.php?rest_route=\/wp\/v2\/posts\/19054\/revisions"}],"predecessor-version":[{"id":19057,"href":"http:\/\/rurallascolonias.com.ar\/index.php?rest_route=\/wp\/v2\/posts\/19054\/revisions\/19057"}],"wp:attachment":[{"href":"http:\/\/rurallascolonias.com.ar\/index.php?rest_route=%2Fwp%2Fv2%2Fmedia&parent=19054"}],"wp:term":[{"taxonomy":"category","embeddable":true,"href":"http:\/\/rurallascolonias.com.ar\/index.php?rest_route=%2Fwp%2Fv2%2Fcategories&post=19054"},{"taxonomy":"post_tag","embeddable":true,"href":"http:\/\/rurallascolonias.com.ar\/index.php?rest_route=%2Fwp%2Fv2%2Ftags&post=19054"}],"curies":[{"name":"wp","href":"https:\/\/api.w.org\/{rel}","templated":true}]}}