{"id":19048,"date":"2020-08-20T19:43:54","date_gmt":"2020-08-20T19:43:54","guid":{"rendered":"http:\/\/rurallascolonias.com.ar\/?p=19048"},"modified":"2020-08-20T19:43:54","modified_gmt":"2020-08-20T19:43:54","slug":"conflicto-lechero-desde-atilra-afirman-que-a-las-audiencias-iran-si-proponen-algo-diferente-a-lo-rechazado","status":"publish","type":"post","link":"http:\/\/rurallascolonias.com.ar\/?p=19048","title":{"rendered":"CONFLICTO LECHERO: DESDE ATILRA AFIRMAN QUE A LAS AUDIENCIAS IR\u00c1N SI PROPONEN \u00abALGO DIFERENTE A LO RECHAZADO\u00bb"},"content":{"rendered":"<p><em><strong><a href=\"http:\/\/rurallascolonias.com.ar\/?attachment_id=19049\" rel=\"attachment wp-att-19049\"><img loading=\"lazy\" class=\"aligncenter size-full wp-image-19049\" src=\"http:\/\/rurallascolonias.com.ar\/wp-content\/uploads\/2020\/08\/paro-Atilra.jpg\" alt=\"\" width=\"750\" height=\"500\" srcset=\"http:\/\/rurallascolonias.com.ar\/wp-content\/uploads\/2020\/08\/paro-Atilra.jpg 750w, http:\/\/rurallascolonias.com.ar\/wp-content\/uploads\/2020\/08\/paro-Atilra-300x200.jpg 300w, http:\/\/rurallascolonias.com.ar\/wp-content\/uploads\/2020\/08\/paro-Atilra-600x400.jpg 600w, http:\/\/rurallascolonias.com.ar\/wp-content\/uploads\/2020\/08\/paro-Atilra-624x416.jpg 624w\" sizes=\"(max-width: 750px) 100vw, 750px\" \/><\/a>Contin\u00faa el conflicto en el sector lechero que ya lleva varias semanas, sin que la intervenci\u00f3n del Ministerio de Trabajo pudiera acercar las partes. De hecho, la audiencia convocada para este mi\u00e9rcoles desde la cartera que conduce Claudio Moroni, se vio frustrada por la ausencia de los representantes gremiales de ATILRA, protagonistas de esta disputa salarial<\/strong><\/em><!--more--><\/p>\n<p>Consultados frente a este \u201cfaltazo\u201d, desde la organizaci\u00f3n sindical se\u00f1alaron que la decisi\u00f3n de no participar se debi\u00f3 a que \u201cno hubo ning\u00fan avance en la propuesta\u201d, es decir \u201cno hab\u00eda propuesta diferente a lo que hab\u00edamos rechazado\u201d. En ese sentido aseguraron que de ser convocados para una nueva oferta superadora \u201cir\u00e1n sin ninguna duda\u201d.<\/p>\n<p>Con la Conciliaci\u00f3n Obligatoria vencida el pasado 10 de agosto \u2013con pr\u00f3rroga incluida-, La Asociaci\u00f3n de Trabajadores de la Industira Lechera llev\u00f3 a cabo un paro de 24 horas que ya finaliz\u00f3 pero a\u00fan contin\u00faa trabajando a convenio \u201csin horas extras ni feriados\u201d hasta el pr\u00f3ximo 23 de agosto y anticipa que \u201ciniciar\u00e1 nuevas medidas de fuerza en las pr\u00f3ximas horas ante la falta de acuerdo con las empresas del sector\u201d.<\/p>\n<p>\u201cEstamos debatiendo un plan de lucha\u201d, confirmaron los lecheros a Estado de Alerta, insistiendo en que lo que \u201cestamos pidiendo una compensaci\u00f3n que va directo a la cuenta del gremio y que \u201cpermite financiar la salud, cultura, educaci\u00f3n\u201d, todos servicios que presta el gremio, cuesti\u00f3n como un aporte mensual empresarial que se acord\u00f3 en mayo del 2017 pero que nunca se actualiz\u00f3.<\/p>\n<p>Por ese motivo las asambleas rechazaron la \u00faltima propuesta de las empresas l\u00e1cteas ya que no hay \u201cactualizaci\u00f3n alguna para ese monto que significan $750 pesos mensuales por trabajador en el caso de las empresas chicas, y de 1.500 en el caso, de las grandes\u201d y sobre el cual desde ATILRA se\u00f1alaron que \u201cni siquiera estamos pidiendo un ajuste por inflaci\u00f3n, es simplemente una actualizaci\u00f3n razonable\u201d, dado que han pasado tres a\u00f1os de esa r\u00fabrica.<\/p>\n<p>Los lecheros afirman que detr\u00e1s de esto hay una intenci\u00f3n \u201cpol\u00edtica\u201d de las c\u00e1maras del sector para desfinanciar a la obra social y al propio gremio. Ese es el punto m\u00e1s \u00e1lgido en el que est\u00e1n ancladas las partes sin que puedan moverse de ah\u00ed.<\/p>\n<p>En tanto, entre las empresas y el Gobierno coinciden en la necesidad de evitar medidas de fuerza que puedan poner en peligro el abastecimiento de leche, aunque desde el sindicato desmienten ese riesgo.<\/p>\n<p>Como hace algunas semanas, el Centro de la Industria Lechera Argentina (CIL), que agrupa a las principales productoras l\u00e1cteas del pa\u00eds, advirti\u00f3 nuevamente este lunes que \u00abpodr\u00eda faltar leche\u00bb en los pr\u00f3ximos d\u00edas a ra\u00edz de la exigencia gremial de recibir un \u00abaporte extraordinario adicional\u00bb.<\/p>\n<p>La situaci\u00f3n respecto al reclamo de actualizaci\u00f3n salarial parece no encontrar su cauce. Desde el gremio ya han se\u00f1alado en reiteradas oportunidades a este medio, que la industria del sector no est\u00e1 en crisis y ha trabajado como \u201cproductor esencial\u201d durante todo el aislamiento, con lo cual no encuentra motivos para la negativa de la empresa a las negociaciones paritarias.<\/p>\n<p>Por su parte, el CIL considera suficiente el otorgamiento de un aumento al b\u00e1sico del 13,6%, m\u00e1s una suma no remunerativa de 4% en agosto y septiembre, 8% en octubre y noviembre; y 12% en diciembre, lo que implica un incremento total de un 27,8% y lo considera superador respecto a la mayor\u00eda de los acuerdos paritarios firmados en este a\u00f1o\u00bb pero esa no es la mirada de los trabajadores de la leche.<\/p>\n<p>Por otro lado Pedro Fern\u00e1ndez, secretario General de ATILRA Villa Mar\u00eda, explic\u00f3 los puntos que demandan. A la vez confirm\u00f3 que \u201cde no llegar a un acuerdo van a decretar un nuevo paro\u201d.<\/p>\n<div class=\"single-article-meta\">\n<div class=\"col-md-12\"><span class=\"color-blue\">Fuente\u00a0<\/span><b><a href=\"https:\/\/estadodealerta.com.ar\/conflicto-lechero-desde-atilra-afirman-que-a-las-audiencias-iran-si-proponen-algo-diferente-a-lo-rechazado\/\" target=\"_blank\" rel=\"noopener noreferrer\">EDA y Radio Villa Mar\u00eda<\/a><\/b><\/div>\n<\/div>\n<div class=\"kt-single-content\"><\/div>\n","protected":false},"excerpt":{"rendered":"<p>Contin\u00faa el conflicto en el sector lechero que ya lleva varias semanas, sin que la intervenci\u00f3n del Ministerio de Trabajo pudiera acercar las partes. De hecho, la audiencia convocada para este mi\u00e9rcoles desde la cartera que conduce Claudio Moroni, se vio frustrada por la ausencia de los representantes gremiales de ATILRA, protagonistas de esta disputa [&hellip;]<\/p>\n","protected":false},"author":5,"featured_media":0,"comment_status":"open","ping_status":"open","sticky":false,"template":"","format":"standard","meta":[],"categories":[42,33],"tags":[1744],"_links":{"self":[{"href":"http:\/\/rurallascolonias.com.ar\/index.php?rest_route=\/wp\/v2\/posts\/19048"}],"collection":[{"href":"http:\/\/rurallascolonias.com.ar\/index.php?rest_route=\/wp\/v2\/posts"}],"about":[{"href":"http:\/\/rurallascolonias.com.ar\/index.php?rest_route=\/wp\/v2\/types\/post"}],"author":[{"embeddable":true,"href":"http:\/\/rurallascolonias.com.ar\/index.php?rest_route=\/wp\/v2\/users\/5"}],"replies":[{"embeddable":true,"href":"http:\/\/rurallascolonias.com.ar\/index.php?rest_route=%2Fwp%2Fv2%2Fcomments&post=19048"}],"version-history":[{"count":1,"href":"http:\/\/rurallascolonias.com.ar\/index.php?rest_route=\/wp\/v2\/posts\/19048\/revisions"}],"predecessor-version":[{"id":19050,"href":"http:\/\/rurallascolonias.com.ar\/index.php?rest_route=\/wp\/v2\/posts\/19048\/revisions\/19050"}],"wp:attachment":[{"href":"http:\/\/rurallascolonias.com.ar\/index.php?rest_route=%2Fwp%2Fv2%2Fmedia&parent=19048"}],"wp:term":[{"taxonomy":"category","embeddable":true,"href":"http:\/\/rurallascolonias.com.ar\/index.php?rest_route=%2Fwp%2Fv2%2Fcategories&post=19048"},{"taxonomy":"post_tag","embeddable":true,"href":"http:\/\/rurallascolonias.com.ar\/index.php?rest_route=%2Fwp%2Fv2%2Ftags&post=19048"}],"curies":[{"name":"wp","href":"https:\/\/api.w.org\/{rel}","templated":true}]}}