{"id":19010,"date":"2020-08-06T12:06:19","date_gmt":"2020-08-06T12:06:19","guid":{"rendered":"http:\/\/rurallascolonias.com.ar\/?p=19010"},"modified":"2020-08-06T12:06:19","modified_gmt":"2020-08-06T12:06:19","slug":"hoy-es-el-dia-del-ingeniero-agronomo-y-del-medico-veterinario","status":"publish","type":"post","link":"http:\/\/rurallascolonias.com.ar\/?p=19010","title":{"rendered":"HOY ES EL D\u00cdA DEL INGENIERO AGR\u00d3NOMO Y DEL M\u00c9DICO VETERINARIO"},"content":{"rendered":"<p><em><strong><a href=\"http:\/\/rurallascolonias.com.ar\/?attachment_id=19011\" rel=\"attachment wp-att-19011\"><img loading=\"lazy\" class=\"aligncenter size-full wp-image-19011\" src=\"http:\/\/rurallascolonias.com.ar\/wp-content\/uploads\/2020\/08\/d\u00eda-del-ingeniero-agr\u00f3nomo-y-veterinario.jpg\" alt=\"\" width=\"245\" height=\"205\" \/><\/a>Desde el 6 de agosto del a\u00f1o 1959, se celebra el\u00a0d\u00eda del Ingeniero Agr\u00f3nomo\u00a0y del\u00a0M\u00e9dico Veterinario, en conmemoraci\u00f3n a que en esa fecha pero en 1883 se dict\u00f3 por primera vez en la Argentina la carrera de Agronom\u00eda en la Escuela Agrot\u00e9cnica y\u00a0Veterinaria\u00a0\u201cSanta Catalina\u201d<\/strong><\/em><!--more--><\/p>\n<p>Hoy 6 de agosto se celebra en todo el pa\u00eds el\u00a0<strong><a class=\"st_tag internal_tag\" title=\"Posts tagged with D\u00eda del Ingeniero Agr\u00f3nomo\" href=\"https:\/\/www.infocampo.com.ar\/tag\/dia-del-ingeniero-agronomo\/\" rel=\"tag\">d\u00eda del Ingeniero Agr\u00f3nomo<\/a>\u00a0y del M\u00e9dico Veterinario.<\/strong><\/p>\n<p>La elecci\u00f3n de la fecha conmemora al a\u00f1o\u00a0<strong>1883<\/strong>, cuando se dict\u00f3 por primera vez en Argentina la<strong>\u00a0carrera de Agronom\u00eda en la Escuela Agrot\u00e9cnica y\u00a0<a class=\"st_tag internal_tag\" title=\"Posts tagged with veterinaria\" href=\"https:\/\/www.infocampo.com.ar\/tag\/veterinaria\/\" rel=\"tag\">Veterinaria<\/a>\u00a0\u201c<a class=\"st_tag internal_tag\" title=\"Posts tagged with Santa Catalina\" href=\"https:\/\/www.infocampo.com.ar\/tag\/santa-catalina\/\" rel=\"tag\">Santa Catalina<\/a>\u201d, en Lavallol,<\/strong>\u00a0provincia de Buenos Aires, que cre\u00f3 en\u00a01872\u00a0<strong>Eduardo Olivera<\/strong>,\u200b egresado de la Escuela de Agricultura de Grignon, Francia, y\u00a0<strong>primer Ingeniero Agr\u00f3nomo argentino<\/strong>.\u200b<\/p>\n","protected":false},"excerpt":{"rendered":"<p>Desde el 6 de agosto del a\u00f1o 1959, se celebra el\u00a0d\u00eda del Ingeniero Agr\u00f3nomo\u00a0y del\u00a0M\u00e9dico Veterinario, en conmemoraci\u00f3n a que en esa fecha pero en 1883 se dict\u00f3 por primera vez en la Argentina la carrera de Agronom\u00eda en la Escuela Agrot\u00e9cnica y\u00a0Veterinaria\u00a0\u201cSanta Catalina\u201d<\/p>\n","protected":false},"author":5,"featured_media":0,"comment_status":"open","ping_status":"open","sticky":false,"template":"","format":"standard","meta":[],"categories":[865],"tags":[4376,4131],"_links":{"self":[{"href":"http:\/\/rurallascolonias.com.ar\/index.php?rest_route=\/wp\/v2\/posts\/19010"}],"collection":[{"href":"http:\/\/rurallascolonias.com.ar\/index.php?rest_route=\/wp\/v2\/posts"}],"about":[{"href":"http:\/\/rurallascolonias.com.ar\/index.php?rest_route=\/wp\/v2\/types\/post"}],"author":[{"embeddable":true,"href":"http:\/\/rurallascolonias.com.ar\/index.php?rest_route=\/wp\/v2\/users\/5"}],"replies":[{"embeddable":true,"href":"http:\/\/rurallascolonias.com.ar\/index.php?rest_route=%2Fwp%2Fv2%2Fcomments&post=19010"}],"version-history":[{"count":1,"href":"http:\/\/rurallascolonias.com.ar\/index.php?rest_route=\/wp\/v2\/posts\/19010\/revisions"}],"predecessor-version":[{"id":19012,"href":"http:\/\/rurallascolonias.com.ar\/index.php?rest_route=\/wp\/v2\/posts\/19010\/revisions\/19012"}],"wp:attachment":[{"href":"http:\/\/rurallascolonias.com.ar\/index.php?rest_route=%2Fwp%2Fv2%2Fmedia&parent=19010"}],"wp:term":[{"taxonomy":"category","embeddable":true,"href":"http:\/\/rurallascolonias.com.ar\/index.php?rest_route=%2Fwp%2Fv2%2Fcategories&post=19010"},{"taxonomy":"post_tag","embeddable":true,"href":"http:\/\/rurallascolonias.com.ar\/index.php?rest_route=%2Fwp%2Fv2%2Ftags&post=19010"}],"curies":[{"name":"wp","href":"https:\/\/api.w.org\/{rel}","templated":true}]}}