{"id":19007,"date":"2020-08-04T19:58:03","date_gmt":"2020-08-04T19:58:03","guid":{"rendered":"http:\/\/rurallascolonias.com.ar\/?p=19007"},"modified":"2020-08-04T19:58:03","modified_gmt":"2020-08-04T19:58:03","slug":"continuan-los-cortes-de-energia-por-arreglos-de-media-tension","status":"publish","type":"post","link":"http:\/\/rurallascolonias.com.ar\/?p=19007","title":{"rendered":"CONTIN\u00daAN LOS CORTES DE ENERG\u00cdA POR ARREGLOS DE MEDIA TENSI\u00d3N"},"content":{"rendered":"<p><strong><i><a href=\"http:\/\/rurallascolonias.com.ar\/?attachment_id=19008\" rel=\"attachment wp-att-19008\"><img loading=\"lazy\" class=\"aligncenter size-full wp-image-19008\" src=\"http:\/\/rurallascolonias.com.ar\/wp-content\/uploads\/2020\/08\/cortes-de-energ\u00eda.jpg\" alt=\"\" width=\"281\" height=\"179\" \/><\/a>Los trabajos se est\u00e1n llevando a cabo desde principios de a\u00f1o en los horarios comprendidos entre las 09:30 y 15:30\u00a0hs.<\/i>\u00a0<\/strong><br \/>\n<span id=\"more-18973\"><\/span><!--more--><\/p>\n<p><span data-ccp-props=\"{&quot;335551550&quot;:6,&quot;335551620&quot;:6,&quot;335559740&quot;:360}\">\u00a0<\/span><span data-contrast=\"none\">La Empresa Provincial de la Energ\u00eda informa que, con el objeto de real<\/span><span data-contrast=\"none\">izar\u00a0<\/span><span data-contrast=\"none\">tareas de repotenciaci\u00f3n de<\/span><span data-contrast=\"none\">\u00a0las\u00a0lineas\u00a0a\u00e9reas de media tensi\u00f3n\u00a0<\/span><span data-contrast=\"none\">rurales<\/span><span data-contrast=\"none\">, es necesario suspender el abastecimiento de electricidad durante varios d\u00edas en la zona Rural Norte y Noroeste de Esperanza (Paso Vinal, Spies, Mottura, Imhoff, Aranda, hasta puente Culul\u00fa).<\/span><\/p>\n<p><span data-contrast=\"none\">En caso de mal tiempo, se pueden suspender las actividades previstas.<\/span><span data-ccp-props=\"{&quot;335551550&quot;:6,&quot;335551620&quot;:6,&quot;335559740&quot;:360}\">\u00a0<\/span><\/p>\n<p><span data-contrast=\"auto\">De terminar con las tareas antes de lo previsto se normalizar\u00e1 el servici<\/span><span data-contrast=\"auto\">o sin previo aviso.<\/span><span data-ccp-props=\"{&quot;335559740&quot;:360,&quot;469777462&quot;:[4252,8504],&quot;469777927&quot;:[0,0],&quot;469777928&quot;:[3,4]}\">\u00a0<\/span><\/p>\n<p><span data-ccp-props=\"{&quot;335559740&quot;:360,&quot;469777462&quot;:[4252,8504],&quot;469777927&quot;:[0,0],&quot;469777928&quot;:[3,4]}\">\u00a0<\/span><span data-contrast=\"auto\">Las interrupciones se pueden visualizar en la web:\u00a0<\/span><a href=\"http:\/\/www.epe.santafe.gov.ar\/?cortesservicio\"><span data-contrast=\"none\">http:\/\/www.epe.santafe.gov.ar\/?cortesservicio<\/span><\/a><span data-contrast=\"auto\">\u00a0o en la red social\u00a0twitter\u00a0@epeoficial.<\/span><span data-ccp-props=\"{&quot;335559740&quot;:360,&quot;469777462&quot;:[4252,8504],&quot;469777927&quot;:[0,0],&quot;469777928&quot;:[3,4]}\">\u00a0<\/span><\/p>\n<p>Sociedad Rural de Las Colonias<\/p>\n","protected":false},"excerpt":{"rendered":"<p>Los trabajos se est\u00e1n llevando a cabo desde principios de a\u00f1o en los horarios comprendidos entre las 09:30 y 15:30\u00a0hs.\u00a0<\/p>\n","protected":false},"author":5,"featured_media":0,"comment_status":"open","ping_status":"open","sticky":false,"template":"","format":"standard","meta":[],"categories":[29],"tags":[4375],"_links":{"self":[{"href":"http:\/\/rurallascolonias.com.ar\/index.php?rest_route=\/wp\/v2\/posts\/19007"}],"collection":[{"href":"http:\/\/rurallascolonias.com.ar\/index.php?rest_route=\/wp\/v2\/posts"}],"about":[{"href":"http:\/\/rurallascolonias.com.ar\/index.php?rest_route=\/wp\/v2\/types\/post"}],"author":[{"embeddable":true,"href":"http:\/\/rurallascolonias.com.ar\/index.php?rest_route=\/wp\/v2\/users\/5"}],"replies":[{"embeddable":true,"href":"http:\/\/rurallascolonias.com.ar\/index.php?rest_route=%2Fwp%2Fv2%2Fcomments&post=19007"}],"version-history":[{"count":1,"href":"http:\/\/rurallascolonias.com.ar\/index.php?rest_route=\/wp\/v2\/posts\/19007\/revisions"}],"predecessor-version":[{"id":19009,"href":"http:\/\/rurallascolonias.com.ar\/index.php?rest_route=\/wp\/v2\/posts\/19007\/revisions\/19009"}],"wp:attachment":[{"href":"http:\/\/rurallascolonias.com.ar\/index.php?rest_route=%2Fwp%2Fv2%2Fmedia&parent=19007"}],"wp:term":[{"taxonomy":"category","embeddable":true,"href":"http:\/\/rurallascolonias.com.ar\/index.php?rest_route=%2Fwp%2Fv2%2Fcategories&post=19007"},{"taxonomy":"post_tag","embeddable":true,"href":"http:\/\/rurallascolonias.com.ar\/index.php?rest_route=%2Fwp%2Fv2%2Ftags&post=19007"}],"curies":[{"name":"wp","href":"https:\/\/api.w.org\/{rel}","templated":true}]}}