{"id":19001,"date":"2020-08-04T13:05:21","date_gmt":"2020-08-04T13:05:21","guid":{"rendered":"http:\/\/rurallascolonias.com.ar\/?p=19001"},"modified":"2020-08-04T13:05:21","modified_gmt":"2020-08-04T13:05:21","slug":"el-gobierno-dio-marcha-atras-y-no-se-modificara-el-iva-a-la-leche-en-el-proyecto-de-ampliacion-del-presupuesto","status":"publish","type":"post","link":"http:\/\/rurallascolonias.com.ar\/?p=19001","title":{"rendered":"EL GOBIERNO DIO MARCHA ATR\u00c1S Y NO SE MODIFICAR\u00c1 EL IVA A LA LECHE EN EL PROYECTO DE AMPLIACI\u00d3N DEL PRESUPUESTO"},"content":{"rendered":"<p><strong><em><a href=\"http:\/\/rurallascolonias.com.ar\/?attachment_id=19002\" rel=\"attachment wp-att-19002\"><img loading=\"lazy\" class=\"aligncenter size-full wp-image-19002\" src=\"http:\/\/rurallascolonias.com.ar\/wp-content\/uploads\/2020\/08\/El-Gobierno-dio-marcha-atr\u00e1s-y-no-se-modificar\u00e1-el-IVA-a-la-leche.jpg\" alt=\"\" width=\"768\" height=\"432\" srcset=\"http:\/\/rurallascolonias.com.ar\/wp-content\/uploads\/2020\/08\/El-Gobierno-dio-marcha-atr\u00e1s-y-no-se-modificar\u00e1-el-IVA-a-la-leche.jpg 768w, http:\/\/rurallascolonias.com.ar\/wp-content\/uploads\/2020\/08\/El-Gobierno-dio-marcha-atr\u00e1s-y-no-se-modificar\u00e1-el-IVA-a-la-leche-300x169.jpg 300w, http:\/\/rurallascolonias.com.ar\/wp-content\/uploads\/2020\/08\/El-Gobierno-dio-marcha-atr\u00e1s-y-no-se-modificar\u00e1-el-IVA-a-la-leche-600x338.jpg 600w, http:\/\/rurallascolonias.com.ar\/wp-content\/uploads\/2020\/08\/El-Gobierno-dio-marcha-atr\u00e1s-y-no-se-modificar\u00e1-el-IVA-a-la-leche-624x351.jpg 624w\" sizes=\"(max-width: 768px) 100vw, 768px\" \/><\/a>El ministro Guzm\u00e1n y los diputados del Frente de Todos acordaron retirar ese art\u00edculo del proyecto que se discutir\u00e1 esta semana. Enviar\u00e1n otra norma para las medidas impositivas<\/em><\/strong><!--more--><\/p>\n<p>Todo hac\u00eda suponer que no hab\u00eda marcha atr\u00e1s. La discusi\u00f3n iba a seguir pero la decisi\u00f3n estaba tomada. Ya hab\u00eda dictamen de la Comisi\u00f3n de Presupuesto y Hacienda y ya se hab\u00eda explicado que no se iba a modificar el art\u00edculo por el cual se modificaba el Impuesto al Valor Agregado a la leche en el pedido de ampliaci\u00f3n del Presupuesto 2020 que hizo el Ministerio de Econom\u00eda y que, seg\u00fan pudo saber Infobae, se tratar\u00e1 ma\u00f1ana martes.<\/p>\n<p>Sin embargo, la Casa Rosada y el Palacio de Hacienda decidieron que necesitan darle fluidez a la discusi\u00f3n que se tiene que dar esta semana en el Congreso \u2013que tiene entre sus puntos m\u00e1s importantes la emisi\u00f3n de deuda por 1.500 millones de d\u00f3lares\u2013 y se defini\u00f3 que se retirar\u00e1 ese art\u00edculo del proyecto que buscar\u00e1n aprobar en Diputados.<\/p>\n<p>En un encuentro virtual en donde el ministro Mart\u00edn Guzm\u00e1n explic\u00f3 al bloque de diputados del Frente de Todos los alcances del proyecto de ampliaci\u00f3n y, seg\u00fan explicaron los participantes en ese encuentro se acord\u00f3 quitar el art\u00edculo referente al tema l\u00e1cteos.<\/p>\n<p>\u201cAcordamos, el Bloque del Frente de Todos y el Ministro Martin Guzm\u00e1n eliminar del Presupuesto la modificaci\u00f3n al IVA en relaci\u00f3n a l\u00e1cteos. Las medidas impositivas se tratar\u00e1n en otras normas\u201d<\/p>\n<p>La aplicaci\u00f3n del Impuesto al Valor Agregado (IVA) en el precio de la leche sembr\u00f3 una dura discusi\u00f3n entre los legisladores oficialistas y opositores. Lo cierto es que ambas sectores tienen una parte de raz\u00f3n. Y as\u00ed lo explic\u00f3 el Gobierno a la hora de defender la modificaci\u00f3n en la al\u00edcuota del impuesto.<\/p>\n<p>En el marco de la discusi\u00f3n de la ampliaci\u00f3n del Presupuesto Nacional, el secretario de Hacienda, Ra\u00fal Rigo, explic\u00f3 en la Comisi\u00f3n de Presupuesto y Hacienda de la C\u00e1mara de Diputados las modificaciones del IVA a los l\u00e1cteos.<\/p>\n<p>Rigo hab\u00eda se\u00f1alado que la mayor\u00eda de los productos de leche pagan el 21% y se los lleva al 10,5% mientras que hay un porcentaje de leche sin aditivos, que se\u00f1al\u00f3 el funcionario es que es marginal desde el punto de vista del consumo, que pasar\u00e1 del 0 a 10,5 por ciento.<\/p>\n<p>En la \u00faltima reuni\u00f3n de la Comisi\u00f3n en la que se obtuvo dictamen sin el apoyo del bloque de Juntos por el Cambio, el diputado Carlos Heller explic\u00f3 que hab\u00eda recibido un nuevo informe al respecto que explicaba por qu\u00e9 en realidad la medida significaba una baja y es que la misma \u201ctiene un costo fiscal. La modificaci\u00f3n a la baja del IVA a los l\u00e1cteos le va a costar al Estado de 1.800 millones de pesos al a\u00f1o\u201d.<\/p>\n<p>El Proyecto de Ley de Modificaci\u00f3n Presupuestaria de la Administraci\u00f3n Nacional para el Ejercicio 2020 que ser\u00e1 tratado prev\u00e9 una ampliaci\u00f3n de gastos de $1.859.583 millones y una suba de recursos de $642.845 millones, fundamentalmente por la pr\u00f3rroga del presupuesto 2019 y por las mayores erogaciones generadas por la crisis sanitaria y el deterioro de la situaci\u00f3n macroecon\u00f3mica.<\/p>\n<p>El Ejecutivo retir\u00f3 el art\u00edculo del IVA porque ya ten\u00eda conflicto con los aportes de subsidios al transporte para las provincias donde adicion\u00f3 un Fondo Compensador de $9.500 millones y con el art\u00edculo 7 y 8 que es el que se pide autorizaci\u00f3n para emitir deuda por 1.500 millones de d\u00f3lares bajo ley local pero que la oposici\u00f3n critica porque se\u00f1alan que la redacci\u00f3n de ambos art\u00edculos deja abierta la posibilidad para que esta forma de realizar un canje v\u00eda una subasta no queden alcanzadas por las disposiciones del art\u00edculo 65 de la Ley N\u00b0 24.156 de Administraci\u00f3n Financiera y de los Sistemas de Control del Sector P\u00fablico Nacional y sus modificaciones.<\/p>\n<p>En este caso en el oficialismo fueron inflexibles y se\u00f1alaron que no iban a aceptar modificaciones, por lo que hoy el ministro Guzm\u00e1n lo que hizo fue brindar argumentos para que los legisladores puedan defender esta medida en el recinto.<\/p>\n<p>Conflicto lechero<\/p>\n<p>Hoy se llev\u00f3 a cabo la tercera reuni\u00f3n virtual entre las c\u00e1maras que nuclean al sector, CIL y APIMEL, el gremio ATILRA, y funcionarios del Ministerio de Trabajo.<\/p>\n<p>\u201cSi bien no se lleg\u00f3 a ning\u00fan acuerdo, se acercaron las posiciones de negociaci\u00f3n\u201d, aseguraron fuentes sindicales. Adem\u00e1s, se fij\u00f3 una audiencia en forma presencial para el pr\u00f3ximo mi\u00e9rcoles 5 de agosto en Trabajo y la conciliaci\u00f3n obligatoria dictada por el Ministerio, se prorrog\u00f3 por 5 d\u00edas h\u00e1biles, hasta lunes pr\u00f3ximo inclusive.<\/p>\n<p><span class=\"color-blue\">Por\u00a0<\/span><b>David Cay\u00f3n<\/b>\u00a0<span class=\"color-blue\">Fuente\u00a0<\/span><b><a href=\"https:\/\/www.infobae.com\/economia\/2020\/08\/03\/el-gobierno-dio-marcha-atras-y-diputados-no-discutira-modificar-el-iva-a-la-leche-en-el-proyecto-de-ampliacion-del-presupuesto\/\" target=\"_blank\" rel=\"noopener noreferrer\">Infobae<\/a><\/b><\/p>\n","protected":false},"excerpt":{"rendered":"<p>El ministro Guzm\u00e1n y los diputados del Frente de Todos acordaron retirar ese art\u00edculo del proyecto que se discutir\u00e1 esta semana. Enviar\u00e1n otra norma para las medidas impositivas<\/p>\n","protected":false},"author":5,"featured_media":0,"comment_status":"open","ping_status":"open","sticky":false,"template":"","format":"standard","meta":[],"categories":[46],"tags":[176,194,47],"_links":{"self":[{"href":"http:\/\/rurallascolonias.com.ar\/index.php?rest_route=\/wp\/v2\/posts\/19001"}],"collection":[{"href":"http:\/\/rurallascolonias.com.ar\/index.php?rest_route=\/wp\/v2\/posts"}],"about":[{"href":"http:\/\/rurallascolonias.com.ar\/index.php?rest_route=\/wp\/v2\/types\/post"}],"author":[{"embeddable":true,"href":"http:\/\/rurallascolonias.com.ar\/index.php?rest_route=\/wp\/v2\/users\/5"}],"replies":[{"embeddable":true,"href":"http:\/\/rurallascolonias.com.ar\/index.php?rest_route=%2Fwp%2Fv2%2Fcomments&post=19001"}],"version-history":[{"count":1,"href":"http:\/\/rurallascolonias.com.ar\/index.php?rest_route=\/wp\/v2\/posts\/19001\/revisions"}],"predecessor-version":[{"id":19003,"href":"http:\/\/rurallascolonias.com.ar\/index.php?rest_route=\/wp\/v2\/posts\/19001\/revisions\/19003"}],"wp:attachment":[{"href":"http:\/\/rurallascolonias.com.ar\/index.php?rest_route=%2Fwp%2Fv2%2Fmedia&parent=19001"}],"wp:term":[{"taxonomy":"category","embeddable":true,"href":"http:\/\/rurallascolonias.com.ar\/index.php?rest_route=%2Fwp%2Fv2%2Fcategories&post=19001"},{"taxonomy":"post_tag","embeddable":true,"href":"http:\/\/rurallascolonias.com.ar\/index.php?rest_route=%2Fwp%2Fv2%2Ftags&post=19001"}],"curies":[{"name":"wp","href":"https:\/\/api.w.org\/{rel}","templated":true}]}}