{"id":18947,"date":"2020-07-15T19:47:50","date_gmt":"2020-07-15T19:47:50","guid":{"rendered":"http:\/\/rurallascolonias.com.ar\/?p=18947"},"modified":"2020-07-15T19:47:50","modified_gmt":"2020-07-15T19:47:50","slug":"el-ambiente-seco-permitio-el-avance-de-la-cosecha-de-maiz-tardio","status":"publish","type":"post","link":"http:\/\/rurallascolonias.com.ar\/?p=18947","title":{"rendered":"EL AMBIENTE SECO PERMITI\u00d3 EL AVANCE DE LA COSECHA DE MA\u00cdZ TARD\u00cdO"},"content":{"rendered":"<p><em><strong><a href=\"http:\/\/rurallascolonias.com.ar\/?attachment_id=3384\" rel=\"attachment wp-att-3384\"><img loading=\"lazy\" class=\"aligncenter size-full wp-image-3384\" src=\"http:\/\/rurallascolonias.com.ar\/wp-content\/uploads\/2014\/07\/cosecha-de-ma\u00edz-tard\u00edo.jpg\" alt=\"\" width=\"275\" height=\"183\" \/><\/a>La estabilidad clim\u00e1tica de los \u00faltimos d\u00edas provoc\u00f3 la disminuci\u00f3n de los porcentajes de humedad\u00a0del grano. Por otro lado, estas condiciones ralentizaron la siembra de trigo<\/strong><\/em><!--more--><\/p>\n<p class=\"selectionShareable\">\u201cLas condiciones ambientales registradas en la semana, cambiaron favorablemente los escenarios, que desde el final del oto\u00f1o y comienzo del invierno se ven\u00edan manifestando\u201d, describi\u00f3 el informe del Sistema de Estimaciones Agr\u00edcolas (SEA) sobre el avance de la cosecha de ma\u00edz tard\u00edo.<\/p>\n<p class=\"selectionShareable\">\nSecuencia de heladas, d\u00edas con alguna nubosidad, mayor cantidad de horas de sol, vientos del sector sur, m\u00e1s secos, menor humedad ambiente, nulas precipitaciones o lloviznas, fueron los distintos indicadores, que en conjunto, incidieron para que disminuyera progresivamente la humedad del grano del, seg\u00fan los d\u00edas o las zonas y as\u00ed aumentara el ritmo del proceso de cosecha, permitiendo avances en los distintos departamentos del SEA.<\/p>\n<p class=\"selectionShareable\">\n<p class=\"selectionShareable\">En general, la cosecha logr\u00f3 un adelanto del orden del 56 %, con un ascenso semanal de 16 puntos y un adelanto de 06, en comparaci\u00f3n al mismo per\u00edodo, de la campa\u00f1a pasada.<\/p>\n<p class=\"selectionShareable\">\nEn la semana se observaron tres caracter\u00edsticas importantes: a) la disminuci\u00f3n de los porcentajes de humedad de grano, a valores cercanos a 15 %, b) un leve aumento de los rendimientos promedios por zonas, y c) particularmente en la zona norte, se produjeron dos escenarios, uno de ellos fue que en los sectores m\u00e1s extremos, que hab\u00edan padecido d\u00e9ficit h\u00eddrico puntualmente, no se cosechar\u00edan y otro, que ante las precipitaciones de la semana pasada, la recolecci\u00f3n fue m\u00e1s lenta, con algunas dificultades.<\/p>\n<p class=\"selectionShareable\">\nZona norte: departamentos Nueve de Julio, General Obligado, Vera y norte de San Javier: rendimientos promedios que fluctuaron entre 5 \u2013 15 &#8211; 42 qq\/ha y m\u00e1ximos en lotes puntuales de 55 qq\/ha<\/p>\n<p class=\"selectionShareable\">\nZona centro: departamentos San Crist\u00f3bal, San Justo, Castellanos, sur de San Javier, Las Colonias y La Capital: rendimientos promedios que fluctuaron entre 55 y 70 qq\/ha con m\u00e1ximos de 70 qq\/ha, en lotes puntuales.<\/p>\n<p class=\"selectionShareable\">\n<strong>Trigo<\/strong><\/p>\n<p class=\"selectionShareable\">\n<p class=\"selectionShareable\">Las condiciones clim\u00e1ticas, con ambientes m\u00e1s secos y en algunas \u00e1reas, la disminuci\u00f3n de la humedad en los primeros cm de la cama de siembra, provocaron la rantelizaci\u00f3n del ritmo del proceso de siembra de trigo, ciclo corto.<\/p>\n<p class=\"selectionShareable\">\nEn el per\u00edodo, se alcanz\u00f3 un avance del orden del 97 %, un adelanto intersemanal de 5 puntos porcentuales y 10 inferior, en comparaci\u00f3n a la campa\u00f1a anterior.<\/p>\n<p class=\"selectionShareable\">\n<p class=\"selectionShareable\">A d\u00edas de la finalizaci\u00f3n de la siembra de trigo campa\u00f1a 2020,se confirma el registro de una disminuci\u00f3n del orden del 6 al 8 % de la superficie sembrada, en relaci\u00f3n a la campa\u00f1a 2019, que fue de 378.000 ha.<\/p>\n<p class=\"selectionShareable\">\n<p class=\"selectionShareable\">\nLos cultivares implantados en una primera etapa, presentaron una muy buena germinaci\u00f3n, emergencia y desarrollo del cultivo en los diferentes lotes, con un muy buen stand de plantas por unidad de superficie, con un muy buen inicio\u00a0 de ciclo y acompa\u00f1ados por un buen estado sanitario, en la totalidad del \u00e1rea del estudio.<\/p>\n<p class=\"selectionShareable\">\n<p class=\"selectionShareable\">\nHasta la fecha, similar situaci\u00f3n presentaron los predios sembrados en una segunda etapa y los implantados recientemente, en estos \u00faltimos d\u00edas, con buena germinaci\u00f3n y emergencia, solo que, puntualmente en los extremos suroeste y noroeste del \u00e1rea de estudio, se revelaron ciertos inconvenientes en los nacimientos y en los stands de plantas por unidad de superficie, con baja incidencia en el total del \u00e1rea afectada.<\/p>\n<p class=\"selectionShareable\">Fuente: Campo litoral<\/p>\n","protected":false},"excerpt":{"rendered":"<p>La estabilidad clim\u00e1tica de los \u00faltimos d\u00edas provoc\u00f3 la disminuci\u00f3n de los porcentajes de humedad\u00a0del grano. Por otro lado, estas condiciones ralentizaron la siembra de trigo<\/p>\n","protected":false},"author":5,"featured_media":0,"comment_status":"open","ping_status":"open","sticky":false,"template":"","format":"standard","meta":[],"categories":[18],"tags":[4368,1028,232,987],"_links":{"self":[{"href":"http:\/\/rurallascolonias.com.ar\/index.php?rest_route=\/wp\/v2\/posts\/18947"}],"collection":[{"href":"http:\/\/rurallascolonias.com.ar\/index.php?rest_route=\/wp\/v2\/posts"}],"about":[{"href":"http:\/\/rurallascolonias.com.ar\/index.php?rest_route=\/wp\/v2\/types\/post"}],"author":[{"embeddable":true,"href":"http:\/\/rurallascolonias.com.ar\/index.php?rest_route=\/wp\/v2\/users\/5"}],"replies":[{"embeddable":true,"href":"http:\/\/rurallascolonias.com.ar\/index.php?rest_route=%2Fwp%2Fv2%2Fcomments&post=18947"}],"version-history":[{"count":1,"href":"http:\/\/rurallascolonias.com.ar\/index.php?rest_route=\/wp\/v2\/posts\/18947\/revisions"}],"predecessor-version":[{"id":18949,"href":"http:\/\/rurallascolonias.com.ar\/index.php?rest_route=\/wp\/v2\/posts\/18947\/revisions\/18949"}],"wp:attachment":[{"href":"http:\/\/rurallascolonias.com.ar\/index.php?rest_route=%2Fwp%2Fv2%2Fmedia&parent=18947"}],"wp:term":[{"taxonomy":"category","embeddable":true,"href":"http:\/\/rurallascolonias.com.ar\/index.php?rest_route=%2Fwp%2Fv2%2Fcategories&post=18947"},{"taxonomy":"post_tag","embeddable":true,"href":"http:\/\/rurallascolonias.com.ar\/index.php?rest_route=%2Fwp%2Fv2%2Ftags&post=18947"}],"curies":[{"name":"wp","href":"https:\/\/api.w.org\/{rel}","templated":true}]}}