{"id":18944,"date":"2020-07-14T10:22:32","date_gmt":"2020-07-14T10:22:32","guid":{"rendered":"http:\/\/rurallascolonias.com.ar\/?p=18944"},"modified":"2020-07-14T14:24:46","modified_gmt":"2020-07-14T14:24:46","slug":"fernandez-sobre-vicentin-me-equivoque-pense-que-iban-a-salir-a-festejar","status":"publish","type":"post","link":"http:\/\/rurallascolonias.com.ar\/?p=18944","title":{"rendered":"FERNANDEZ SOBRE VICENT\u00cdN: \u00abMe equivoqu\u00e9, pens\u00e9 que iban a salir a festejar\u00bb"},"content":{"rendered":"<p><em><strong><a href=\"http:\/\/rurallascolonias.com.ar\/?attachment_id=18945\" rel=\"attachment wp-att-18945\"><img loading=\"lazy\" class=\"aligncenter size-full wp-image-18945\" src=\"http:\/\/rurallascolonias.com.ar\/wp-content\/uploads\/2020\/07\/Alberto-Fernandez-conferencia-de-prensa.jpg\" alt=\"\" width=\"1033\" height=\"688\" srcset=\"http:\/\/rurallascolonias.com.ar\/wp-content\/uploads\/2020\/07\/Alberto-Fernandez-conferencia-de-prensa.jpg 1033w, http:\/\/rurallascolonias.com.ar\/wp-content\/uploads\/2020\/07\/Alberto-Fernandez-conferencia-de-prensa-300x200.jpg 300w, http:\/\/rurallascolonias.com.ar\/wp-content\/uploads\/2020\/07\/Alberto-Fernandez-conferencia-de-prensa-768x512.jpg 768w, http:\/\/rurallascolonias.com.ar\/wp-content\/uploads\/2020\/07\/Alberto-Fernandez-conferencia-de-prensa-1024x682.jpg 1024w, http:\/\/rurallascolonias.com.ar\/wp-content\/uploads\/2020\/07\/Alberto-Fernandez-conferencia-de-prensa-600x400.jpg 600w, http:\/\/rurallascolonias.com.ar\/wp-content\/uploads\/2020\/07\/Alberto-Fernandez-conferencia-de-prensa-624x416.jpg 624w\" sizes=\"(max-width: 1033px) 100vw, 1033px\" \/><\/a>El presidente Alberto Fern\u00e1ndez sostuvo este lunes que evalu\u00f3 mal la reacci\u00f3n social que generar\u00eda la intervenci\u00f3n de la cerealera Vicentin y asegur\u00f3 que no es \u201cun loco suelto\u201d que anda \u201ccon una chequera de expropiaciones\u201d<\/strong><\/em><!--more--><\/p>\n<p>\u201cCuando miro para atr\u00e1s y me pregunto qu\u00e9 hice mal en Vicentin, veo que me equivoqu\u00e9 porque pens\u00e9 que estaba m\u00e1s asumida la situaci\u00f3n de crisis. Pens\u00e9 que iban a salir a festejar. No pas\u00f3, empezaron a acusarme de cosas horribles\u201d, explic\u00f3 el Presidente en una entrevista con el programa\u00a0<em>Factor UV,<\/em>\u00a0por\u00a0<em>FM La Patriada<\/em>\u00a0y reprodujo\u00a0<em>Infobae<\/em>.<\/p>\n<p>En esa l\u00ednea, se\u00f1al\u00f3 que ante la reacci\u00f3n negativa se qued\u00f3 \u201cesperando que alguien traiga una mejor soluci\u00f3n\u201d. \u201cPero nadie me la ha tra\u00eddo\u201d, lament\u00f3. Adem\u00e1s, sostuvo que no quiere vivir en un pa\u00eds en que \u201ccada decisi\u00f3n se convierte en un Boca-River\u201d y afirm\u00f3 que se mantiene \u201cmuy respetuoso de la propiedad privada\u201d.<\/p>\n<p>\u201cYo no soy un loco suelto, no ando con una chequera de expropiaciones\u201d, asegur\u00f3 el mandatario durante la entrevista radial. En ese sentido, agreg\u00f3: \u201cSalgo y digo que me preocupa lo que est\u00e1 pasando con la principal exportadora oleaginosa del pa\u00eds y me dicen que soy un chavista que quiere expropiar. Si quisiera expropiar, no expropiar\u00eda una empresa en quiebra sino una cerealera floreciente\u201d.<\/p>\n<p>Fern\u00e1ndez se mostr\u00f3 molesto con la situaci\u00f3n que tuvo que atravesar con el tema de Vicentin. \u201cSoy muy respetuoso de la propiedad privada. Pero el Banco Naci\u00f3n tambi\u00e9n es propiedad privada\u201d, asegur\u00f3, defendiendo as\u00ed el camino que sigui\u00f3 el gobierno nacional para intervenir la empresa y proponer un plan de expropiaci\u00f3n. Iniciativa que parece haber quedado en el olvido por no tener el consenso suficiente en el arco pol\u00edtico y la sociedad.<\/p>\n<p>Por otra parte, apunt\u00f3 contra la oposici\u00f3n. Especialmente a Juntos por el Cambio. \u201cSiento que la oposici\u00f3n encontr\u00f3 en el 2015 un m\u00e9todo, el de la demonizaci\u00f3n absoluta, diciendo que iba a ser un pa\u00eds como Venezuela (si gobernaba el peronismo), pero los que hicieron un pa\u00eds como Venezuela, con una inflaci\u00f3n galopante, fueron ellos. Ahora es como que quieren volver con esa ret\u00f3rica\u201d, destac\u00f3.<\/p>\n<p>En otro tramo volvi\u00f3 a hacer hincapi\u00e9 en el discurso que brind\u00f3 el 9 de Julio en el que advirti\u00f3 que hab\u00eda llegado a la Casa Rosada para terminar con los \u201codiadores seriales\u201d. \u201cLo que yo quiero es que tomemos las cosas con otra seriedad. El camino del odio no conduce a ning\u00fan lado. Esto no quiere decir impunidad ni olvidarse de lo que cada uno hizo\u201d, se\u00f1al\u00f3, al tiempo que remarc\u00f3: \u201cCuando odias solo est\u00e1s mirando para atr\u00e1s, lo que hay que hacer es mirar el futuro\u201d.<\/p>\n<p>Por otra parte, se refiri\u00f3 a la pandemia de coronavirus que est\u00e1 atravesando el mundo y, en lo que respecta a la Argentina, al pico de contagios que hay en el pa\u00eds. \u201cLa pandemia esta muy lejos de ser superada. Hay que moverse con mucho cuidado\u201d. \u201cMiren lo que pas\u00f3 en Israel o lo que est\u00e1 pasando en Jujuy, que hay un rebrote por dos polic\u00edas que se cruzaron a Bolivia a comprar hojas de coca y a la vuelta contagiaron a 35 personas, afirm\u00f3.<\/p>\n<p>Tambi\u00e9n se refiri\u00f3 a la prueba de vacunas en Argentina que har\u00e1n los laboratorios Pfizer y BioNtech. \u201cEs una gran noticia para el mundo, que tiene que encontrar una soluci\u00f3n a este problema que excede a la Argentina\u201d, sostuvo. Luego brind\u00f3 m\u00e1s detalles al contar que \u201cen el pa\u00eds se har\u00e1n las pruebas finales de la vacuna\u201d. \u201cHay cuatro fases para que una vacuna se complete. Ac\u00e1 estamos en la tercera. La vacuna se experimentar\u00eda con ciudadanos norteamericanos y argentinos en simult\u00e1neo\u201d, indic\u00f3.<\/p>\n<p>Fern\u00e1ndez explic\u00f3 que \u201cno se tienen en cuanta tanto las condiciones humanas, sino las condiciones t\u00e9cnicas que hay en el lugar\u201d. \u201cEvaluaron las condiciones tecnol\u00f3gicas y cient\u00edficas del pa\u00eds, adem\u00e1s de la cuesti\u00f3n profesional\u201d, agreg\u00f3.<\/p>\n<p>En referencia a la negociaci\u00f3n con los acreedores, uno de los temas m\u00e1s importantes que tiene la Argentina en su agenda, dijo est\u00e1n tratando de acercarse a un acuerdo. \u201cNosotros hicimos el \u00faltimo esfuerzo. No podemos m\u00e1s que esto. Esperamos que lo entiendan porque no nos vamos a mover de esto\u201d, aclar\u00f3.<\/p>\n<p>Por \u00faltimo, se refiri\u00f3 a la reforma judicial y dijo que supone dos cosas: ordenar el funcionamiento de la justicia federal y de las instituciones de la Justicia, como es el caso del Ministerio P\u00fablico Fiscal, el Consejo de la Magistratura y la Defensor\u00eda. Adem\u00e1s, asegur\u00f3 que \u201chay que debatir sobre c\u00f3mo funciona la Corte Suprema al d\u00eda de hoy y revisar cuando debe intervenir\u201d.<\/p>\n<p>\u201cHay que ver c\u00f3mo se promueven y remueven jueces. Es hora de que lo veamos para que haya una justicia que funcione bien. Que sea un sistema judicial digno. Que no est\u00e9n los jueces bajo sospecha y que uno no vea como los fallos cambian siguiendo el viento pol\u00edtico\u201d, asegur\u00f3.<\/p>\n","protected":false},"excerpt":{"rendered":"<p>El presidente Alberto Fern\u00e1ndez sostuvo este lunes que evalu\u00f3 mal la reacci\u00f3n social que generar\u00eda la intervenci\u00f3n de la cerealera Vicentin y asegur\u00f3 que no es \u201cun loco suelto\u201d que anda \u201ccon una chequera de expropiaciones\u201d<\/p>\n","protected":false},"author":5,"featured_media":0,"comment_status":"open","ping_status":"open","sticky":false,"template":"","format":"standard","meta":[],"categories":[1],"tags":[],"_links":{"self":[{"href":"http:\/\/rurallascolonias.com.ar\/index.php?rest_route=\/wp\/v2\/posts\/18944"}],"collection":[{"href":"http:\/\/rurallascolonias.com.ar\/index.php?rest_route=\/wp\/v2\/posts"}],"about":[{"href":"http:\/\/rurallascolonias.com.ar\/index.php?rest_route=\/wp\/v2\/types\/post"}],"author":[{"embeddable":true,"href":"http:\/\/rurallascolonias.com.ar\/index.php?rest_route=\/wp\/v2\/users\/5"}],"replies":[{"embeddable":true,"href":"http:\/\/rurallascolonias.com.ar\/index.php?rest_route=%2Fwp%2Fv2%2Fcomments&post=18944"}],"version-history":[{"count":1,"href":"http:\/\/rurallascolonias.com.ar\/index.php?rest_route=\/wp\/v2\/posts\/18944\/revisions"}],"predecessor-version":[{"id":18946,"href":"http:\/\/rurallascolonias.com.ar\/index.php?rest_route=\/wp\/v2\/posts\/18944\/revisions\/18946"}],"wp:attachment":[{"href":"http:\/\/rurallascolonias.com.ar\/index.php?rest_route=%2Fwp%2Fv2%2Fmedia&parent=18944"}],"wp:term":[{"taxonomy":"category","embeddable":true,"href":"http:\/\/rurallascolonias.com.ar\/index.php?rest_route=%2Fwp%2Fv2%2Fcategories&post=18944"},{"taxonomy":"post_tag","embeddable":true,"href":"http:\/\/rurallascolonias.com.ar\/index.php?rest_route=%2Fwp%2Fv2%2Ftags&post=18944"}],"curies":[{"name":"wp","href":"https:\/\/api.w.org\/{rel}","templated":true}]}}