{"id":18941,"date":"2020-07-14T13:07:14","date_gmt":"2020-07-14T13:07:14","guid":{"rendered":"http:\/\/rurallascolonias.com.ar\/?p=18941"},"modified":"2020-07-14T13:07:14","modified_gmt":"2020-07-14T13:07:14","slug":"la-medida-de-fuerza-puso-en-riesgo-a-mas-de-50-millones-de-litros-de-leche-cruda","status":"publish","type":"post","link":"http:\/\/rurallascolonias.com.ar\/?p=18941","title":{"rendered":"\u201cLA MEDIDA DE FUERZA PUSO EN RIESGO A M\u00c1S DE 50 MILLONES DE LITROS DE LECHE CRUDA\u201d"},"content":{"rendered":"<p><em><strong><a href=\"http:\/\/rurallascolonias.com.ar\/?attachment_id=18942\" rel=\"attachment wp-att-18942\"><img loading=\"lazy\" class=\"aligncenter size-full wp-image-18942\" src=\"http:\/\/rurallascolonias.com.ar\/wp-content\/uploads\/2020\/07\/Atilra.jpg\" alt=\"\" width=\"1080\" height=\"1080\" srcset=\"http:\/\/rurallascolonias.com.ar\/wp-content\/uploads\/2020\/07\/Atilra.jpg 1080w, http:\/\/rurallascolonias.com.ar\/wp-content\/uploads\/2020\/07\/Atilra-150x150.jpg 150w, http:\/\/rurallascolonias.com.ar\/wp-content\/uploads\/2020\/07\/Atilra-300x300.jpg 300w, http:\/\/rurallascolonias.com.ar\/wp-content\/uploads\/2020\/07\/Atilra-768x768.jpg 768w, http:\/\/rurallascolonias.com.ar\/wp-content\/uploads\/2020\/07\/Atilra-1024x1024.jpg 1024w, http:\/\/rurallascolonias.com.ar\/wp-content\/uploads\/2020\/07\/Atilra-600x600.jpg 600w, http:\/\/rurallascolonias.com.ar\/wp-content\/uploads\/2020\/07\/Atilra-624x624.jpg 624w\" sizes=\"(max-width: 1080px) 100vw, 1080px\" \/><\/a>Las autoridades del Ministerio de Trabajo, Empleo y Seguridad Social de la Naci\u00f3n dictaron la conciliaci\u00f3n obligatoria para los trabajadores afiliados a la Asociaci\u00f3n de Trabajadores de la Industria Lechera (Atilra), quienes ayer lunes iniciaron un paro sorpresivo de veinticuatro horas luego de trabajar a reglamento el fin de semana largo pasado<\/strong><\/em><!--more--><\/p>\n<p>Por medio de una disposici\u00f3n firmada por Gabriela Marcello, directora nacional de Relaciones y Regulaciones del Trabajo, se dict\u00f3 la conciliaci\u00f3n obligatoria por un plazo de 15 d\u00edas, adem\u00e1s de intimar a los directivos del gremio l\u00e1cteo a dejar sin efecto, durante ese per\u00edodo, \u201ctoda medida de acci\u00f3n directa que estuviesen implementando y\/o tuvieran previsto implementar, prestando servicios de manera normal y habitual\u201d.<\/p>\n<p>El pr\u00f3ximo 17 de julio se realizar\u00e1 en el \u00e1mbito del Ministerio de Trabajo, Empleo y Seguridad Social una audiencia entre representantes de Atilra y del Centro de la Industria Lechera (CIL) y de la Asociaci\u00f3n de Peque\u00f1as y Medianas Empresas L\u00e1cteas (Apymel) con el prop\u00f3sito de intentar lograr un acuerdo entre las partes que evite complicaciones en el normal abastecimiento de productos l\u00e1cteos durante la actual emergencia social y econ\u00f3mica.<\/p>\n<p>Apymel, por medio de un comunicado, denunci\u00f3 que \u201cdeterminar medidas de fuerza unas seis horas antes del inicio de un fin de semana largo es actuar de mala fe y agregar un paro total por 24 horas m\u00e1s es reiterar la actitud, porque el objetivo fue maximizar el da\u00f1o y que se tire leche, con la intenci\u00f3n de culpar a las industrias por esa consecuencia, que se logr\u00f3 evitar\u201d.<\/p>\n<p>\u201cEl mi\u00e9rcoles pasado a las 17:00 horas Atilra anunci\u00f3 un quite de colaboraci\u00f3n en todas las plantas lecheras del pa\u00eds e inst\u00f3 a sus afiliados a no asistir a los lugares de trabajo durante los feriados del 9 y 10 de julio e incluso durante los d\u00edas 11 y 12 del fin de semana\u201d, explic\u00f3 Apymel.<\/p>\n<p>\u201cA esa hora todas las f\u00e1bricas ten\u00edan planificadas las instancias de producci\u00f3n de este inusual y largo fin de semana, para procesar los m\u00e1s de cien millones de litros de leche que ingresar\u00edan a las f\u00e1bricas en ese plazo. Los turnos estaban programados, el personal preparado para asistir, cobrando como corresponde m\u00e1s de 8000 pesos por cada jornada laboral especial, e incluso cubriendo como se viene haciendo durante el aislamiento social obligatorio a los compa\u00f1eros que corresponden a grupos de riesgo frente a la pandemia de coronavirus\u201d, a\u00f1adi\u00f3.<\/p>\n<p>\u201cAyer, domingo 12 de julio, no conforme el gremio con las complicaciones generadas desde el jueves, se declar\u00f3 un paro total de actividades por 24 horas, que comenz\u00f3 a regir con este lunes. Esta injustificada medida de fuerza puso en riesgo a m\u00e1s de 50 millones de litros de leche cruda, la recolecci\u00f3n en los tambos, el procesamiento y distribuci\u00f3n de los productos l\u00e1cteos, para no desabastecer a los puntos de venta y atender a la demanda de los consumidores\u201d, advirti\u00f3.<\/p>\n<p>\u201cEn medio de una crisis sin precedentes a nivel mundial, donde los alimentos escasean, hecho que se evit\u00f3 en nuestro pa\u00eds durante estos m\u00e1s de tres meses, Atilra decidi\u00f3 en forma unilateral ir contra el gobierno, los consumidores, la industria l\u00e1ctea y los tambos, sin una instancia de negociaci\u00f3n previa. La leche es perecedera, se arruina si no se procesa, por lo tanto, resulta inconcebible determinar un paro de cinco d\u00edas que pone en riesgo a unos 500 millones de vasos de leche que representan el alimento de 50 d\u00edas para todos los ni\u00f1os del pa\u00eds\u201d, expres\u00f3.<\/p>\n<p><span class=\"color-blue\">Fuente\u00a0<\/span><b><a href=\"https:\/\/www.valorsoja.com\/2020\/07\/13\/conciliacion-obligatoria-para-atilra-la-medida-de-fuerza-puso-en-riesgo-a-mas-de-50-millones-de-litros-de-leche-cruda\/\" target=\"_blank\" rel=\"noopener noreferrer\">Valor Soja<\/a><\/b><\/p>\n","protected":false},"excerpt":{"rendered":"<p>Las autoridades del Ministerio de Trabajo, Empleo y Seguridad Social de la Naci\u00f3n dictaron la conciliaci\u00f3n obligatoria para los trabajadores afiliados a la Asociaci\u00f3n de Trabajadores de la Industria Lechera (Atilra), quienes ayer lunes iniciaron un paro sorpresivo de veinticuatro horas luego de trabajar a reglamento el fin de semana largo pasado<\/p>\n","protected":false},"author":5,"featured_media":0,"comment_status":"open","ping_status":"open","sticky":false,"template":"","format":"standard","meta":[],"categories":[42],"tags":[4367,1311],"_links":{"self":[{"href":"http:\/\/rurallascolonias.com.ar\/index.php?rest_route=\/wp\/v2\/posts\/18941"}],"collection":[{"href":"http:\/\/rurallascolonias.com.ar\/index.php?rest_route=\/wp\/v2\/posts"}],"about":[{"href":"http:\/\/rurallascolonias.com.ar\/index.php?rest_route=\/wp\/v2\/types\/post"}],"author":[{"embeddable":true,"href":"http:\/\/rurallascolonias.com.ar\/index.php?rest_route=\/wp\/v2\/users\/5"}],"replies":[{"embeddable":true,"href":"http:\/\/rurallascolonias.com.ar\/index.php?rest_route=%2Fwp%2Fv2%2Fcomments&post=18941"}],"version-history":[{"count":1,"href":"http:\/\/rurallascolonias.com.ar\/index.php?rest_route=\/wp\/v2\/posts\/18941\/revisions"}],"predecessor-version":[{"id":18943,"href":"http:\/\/rurallascolonias.com.ar\/index.php?rest_route=\/wp\/v2\/posts\/18941\/revisions\/18943"}],"wp:attachment":[{"href":"http:\/\/rurallascolonias.com.ar\/index.php?rest_route=%2Fwp%2Fv2%2Fmedia&parent=18941"}],"wp:term":[{"taxonomy":"category","embeddable":true,"href":"http:\/\/rurallascolonias.com.ar\/index.php?rest_route=%2Fwp%2Fv2%2Fcategories&post=18941"},{"taxonomy":"post_tag","embeddable":true,"href":"http:\/\/rurallascolonias.com.ar\/index.php?rest_route=%2Fwp%2Fv2%2Ftags&post=18941"}],"curies":[{"name":"wp","href":"https:\/\/api.w.org\/{rel}","templated":true}]}}