{"id":18937,"date":"2020-07-13T13:27:44","date_gmt":"2020-07-13T13:27:44","guid":{"rendered":"http:\/\/rurallascolonias.com.ar\/?p=18937"},"modified":"2020-07-13T13:27:44","modified_gmt":"2020-07-13T13:27:44","slug":"ataques-a-silobolsas-malestar-por-el-silencio-del-presidente-y-perotti","status":"publish","type":"post","link":"http:\/\/rurallascolonias.com.ar\/?p=18937","title":{"rendered":"ATAQUES A SILOBOLSAS: MALESTAR POR EL SILENCIO DEL PRESIDENTE Y PEROTTI"},"content":{"rendered":"<p><em><strong><a href=\"http:\/\/rurallascolonias.com.ar\/?attachment_id=18938\" rel=\"attachment wp-att-18938\"><img loading=\"lazy\" class=\"aligncenter size-full wp-image-18938\" src=\"http:\/\/rurallascolonias.com.ar\/wp-content\/uploads\/2020\/07\/silobolsas.jpg\" alt=\"\" width=\"301\" height=\"167\" srcset=\"http:\/\/rurallascolonias.com.ar\/wp-content\/uploads\/2020\/07\/silobolsas.jpg 301w, http:\/\/rurallascolonias.com.ar\/wp-content\/uploads\/2020\/07\/silobolsas-300x166.jpg 300w\" sizes=\"(max-width: 301px) 100vw, 301px\" \/><\/a>Durante el fin de semana se produjeron otros 4 atentados en el sur provincial. \u00abNosotros pensamos que hay prejuicios ideol\u00f3gicos para mirar nuestra actividad y estos il\u00edcitos\u00bb, remarc\u00f3 Ignacio M\u00e1ntaras<\/strong><\/em><!--more--><\/p>\n<p><strong>Durante el fin de semana, productores agropecuarios del sur de la provincia de Santa Fe denuciaron otros cuatro ataques a silobolsas<\/strong>. En lo que va del a\u00f1o, ya se dieron 32 atentados en el territorio santafesino y m\u00e1s de 80 en todo el pa\u00eds.<\/p>\n<p>Ignacio M\u00e1ntaras, secretario de la Confederaci\u00f3n de Asociaciones Rurales de Santa Fe (CARSFE), sostuvo por \u00abEl Cuarto Poder\u00bb que si bien piensan que pueda haber varios m\u00f3viles de los ataques pero no descartan el ideol\u00f3gico.<\/p>\n<p><strong>\u00abPensamos que puede haber algo ideol\u00f3gico y pol\u00edtico (tal vez, algunos sientan satisfacci\u00f3n ante los discursos anticampo) o puede ser que tengan alg\u00fan m\u00f3vil econ\u00f3mico vinculado a la actividad. El problema es que no se dilucid\u00f3 ninguno de los casos por esto todas las hit\u00f3tessis est\u00e1n abiertas\u00bb, manifest\u00f3\u00a0el dirigente agropecuario.\u00a0<\/strong><\/p>\n<p>Adem\u00e1s, agreg\u00f3 que ser\u00eda un pensamiento muy infantil atacar los silosbolsas por una cuesti\u00f3n ideol\u00f3gica ya que se est\u00e1 perjudicando al estado tambi\u00e9n porque son impuestos que no podr\u00e1 cobrar.<\/p>\n<p><strong>Finalmente,\u00a0 Ignacio M\u00e1ntaras remarc\u00f3\u00a0que \u00aben este tema hay silencio. Ni el gobernador Perotti, ni el presidente Fern\u00e1ndez se manfiestaron sobre estos ataques. Nosotros pensamos que hay prejuicios ideol\u00f3gicos para mirar nuestra actividad. No tuvimos ni una se\u00f1al de empat\u00eda ante estos atentados. Es m\u00e1s, la vicepresidente se r\u00ede de esta situaci\u00f3n. Esto es una falta de respeto a a los productores\u00bb.<\/strong><\/p>\n<p>CARSFE<\/p>\n","protected":false},"excerpt":{"rendered":"<p>Durante el fin de semana se produjeron otros 4 atentados en el sur provincial. \u00abNosotros pensamos que hay prejuicios ideol\u00f3gicos para mirar nuestra actividad y estos il\u00edcitos\u00bb, remarc\u00f3 Ignacio M\u00e1ntaras<\/p>\n","protected":false},"author":5,"featured_media":0,"comment_status":"open","ping_status":"open","sticky":false,"template":"","format":"standard","meta":[],"categories":[42],"tags":[1085,4366],"_links":{"self":[{"href":"http:\/\/rurallascolonias.com.ar\/index.php?rest_route=\/wp\/v2\/posts\/18937"}],"collection":[{"href":"http:\/\/rurallascolonias.com.ar\/index.php?rest_route=\/wp\/v2\/posts"}],"about":[{"href":"http:\/\/rurallascolonias.com.ar\/index.php?rest_route=\/wp\/v2\/types\/post"}],"author":[{"embeddable":true,"href":"http:\/\/rurallascolonias.com.ar\/index.php?rest_route=\/wp\/v2\/users\/5"}],"replies":[{"embeddable":true,"href":"http:\/\/rurallascolonias.com.ar\/index.php?rest_route=%2Fwp%2Fv2%2Fcomments&post=18937"}],"version-history":[{"count":1,"href":"http:\/\/rurallascolonias.com.ar\/index.php?rest_route=\/wp\/v2\/posts\/18937\/revisions"}],"predecessor-version":[{"id":18939,"href":"http:\/\/rurallascolonias.com.ar\/index.php?rest_route=\/wp\/v2\/posts\/18937\/revisions\/18939"}],"wp:attachment":[{"href":"http:\/\/rurallascolonias.com.ar\/index.php?rest_route=%2Fwp%2Fv2%2Fmedia&parent=18937"}],"wp:term":[{"taxonomy":"category","embeddable":true,"href":"http:\/\/rurallascolonias.com.ar\/index.php?rest_route=%2Fwp%2Fv2%2Fcategories&post=18937"},{"taxonomy":"post_tag","embeddable":true,"href":"http:\/\/rurallascolonias.com.ar\/index.php?rest_route=%2Fwp%2Fv2%2Ftags&post=18937"}],"curies":[{"name":"wp","href":"https:\/\/api.w.org\/{rel}","templated":true}]}}