{"id":18921,"date":"2020-07-03T13:54:47","date_gmt":"2020-07-03T13:54:47","guid":{"rendered":"http:\/\/rurallascolonias.com.ar\/?p=18921"},"modified":"2020-07-03T13:54:47","modified_gmt":"2020-07-03T13:54:47","slug":"ataques-al-agro-hace-falta-que-las-autoridades-repudien-los-ataques-reclamo-el-secretario-de-carsfe","status":"publish","type":"post","link":"http:\/\/rurallascolonias.com.ar\/?p=18921","title":{"rendered":"ATAQUES AL AGRO: \u201cHace falta que las autoridades repudien los ataques\u201d, RECLAM\u00d3 EL SECRETARIO DE CARSFE"},"content":{"rendered":"<p><em><strong><a href=\"http:\/\/rurallascolonias.com.ar\/?attachment_id=13269\" rel=\"attachment wp-att-13269\"><img loading=\"lazy\" class=\"aligncenter size-full wp-image-13269\" src=\"http:\/\/rurallascolonias.com.ar\/wp-content\/uploads\/2017\/01\/mantaras-2.jpg\" alt=\"\" width=\"235\" height=\"175\" \/><\/a>El secretario de la Confederaci\u00f3n de Asociaciones Rurales de Santa Fe (CARSFE), Ignacio M\u00e1ntaras, se refiri\u00f3 a la preocupaci\u00f3n del sector ante la reiteraci\u00f3n de los ataques en los campos de todo el pa\u00eds<\/strong><\/em><!--more--><\/p>\n<p>M\u00e1ntaras admiti\u00f3 \u201cmuch\u00edsima preocupaci\u00f3n\u201d en el sector agropecuario y coment\u00f3 que \u201cdesde hace tres a\u00f1os en la Confederaci\u00f3n se viene trabajando el tema de la inseguridad rural\u201d.<\/p>\n<p>Apunt\u00f3 que \u201chay casos de abigeato en la provincia muy frecuentes y lo preocupante es que raras veces se llega a encontrar a los responsables, son muy pocos los casos \u2013en relaci\u00f3n a la cantidad de il\u00edcitos- que tienen alguna condena\u201d.<\/p>\n<p>\u201cComo panorama general es una preocupaci\u00f3n constante, pero lo que viene ocurriendo en esta \u00faltima etapa donde hay una pandemia y un aislamiento obligatorio con lo cual la circulaci\u00f3n en general ha mermado, sorprenden estos hechos diarios en el pa\u00eds y la provincia de Santa Fe de atentados a la propiedad privada que s\u00f3lo son da\u00f1os y ni siquiera hay robos\u201d, reconoci\u00f3.<\/p>\n<p>Al respecto, explicit\u00f3 que \u201cen este tiempo de pandemia, de ataques a silobolsas tengo registrados 21 casos en la provincia y solo en uno se dio con los autores que eran unos ni\u00f1os que saltaban arriba de los silobolsas; pero en los dem\u00e1s no se dio con los autores y eso es lo preocupante que impunemente se cometen estos il\u00edcitos que generan todo un trastorno\u201d, explicit\u00f3.<\/p>\n<p>En tal sentido, el dirigente sostuvo que \u201cpara el gobierno quiz\u00e1s son d\u00f3lares pero para el productor es todo: alimento del ganado si es grano h\u00famedo, o si es grano para la comercializaci\u00f3n es el producto del trabajo de la familia agropecuaria, es su caja de ahorro que permitir\u00e1 pagar sus impuestos, insumos y salarios si tienen empelados\u201d. \u201cEn definitiva es un golpe a la moral\u201d, resumi\u00f3.<\/p>\n<p>Ante la situaci\u00f3n, inform\u00f3 que \u201ca nivel nacional se est\u00e1 trabajando dentro de CRA y de la Mesa de Enlace, y en la provincia este tema se llev\u00f3 a los legisladores provinciales y a las autoridades provinciales del Ejecutivo\u201d pero reclam\u00f3 que \u201cse ve lenta la reacci\u00f3n y ser\u00eda importante que se pronuncien\u201d.<\/p>\n<p>En tanto, mencion\u00f3 que \u201creci\u00e9n esta semana se empiezan a ver algunos gestos de la dirigencia pol\u00edtica, porque hasta la semana pasada era silencio o frases desafortunadas como la que tuvo el ministro (de Seguridad, Marcelo) Sa\u00edn que minimiz\u00f3 los hechos y frivoliz\u00f3 la realidad\u201d. \u201cLa realidad es que ocurren roturas de silobolsas, quemas de rollos, quemas de campos, rotura de silos y robos, y no hay ning\u00fan sospechoso y eso es lo preocupante\u201d, sentenci\u00f3.<\/p>\n<p>Critic\u00f3 a Sa\u00edn que \u201cda verg\u00fcenza ajena porque qued\u00f3 descolocado con lo que dijo minimizando los hechos, cuando el d\u00eda anterior ya se hab\u00eda convocado a una reuni\u00f3n de las 40 entidades de la cadena agroindustrial, con la ministro de Seguridad de la Naci\u00f3n, Sabina Federik, el ministro de Agricultura, Luis Basterra, y los cuatro ministros de Producci\u00f3n de la Regi\u00f3n pampeana: Buenos Aires, Entre R\u00edos, C\u00f3rdoba y Santa Fe, y all\u00ed se resolvi\u00f3 que esto iba a ser tema del Consejo de Seguridad General donde interact\u00faan los ministros de la Naci\u00f3n con los ministros de la provincia\u201d. \u201cY adem\u00e1s el martes la provincia sac\u00f3 una resoluci\u00f3n donde, por la rotura de silobolsas, refuerzan todos los patrullajes en la provincia con lo cual cuando el ministro dijo lo que dijo estaba desconociendo lo que estaba pasando en su territorio y eso es grave\u201d, reflexion\u00f3.<\/p>\n<p>&nbsp;<\/p>\n<p>Sobre los motivos de los ataques, indic\u00f3 que \u201ctenemos conjeturas y ayer hubo una reuni\u00f3n con un fiscal pero no se pueden meter todos los hechos en la misma bolsa porque en uno de los casos sucedi\u00f3 que se robaron el grano pero en los dem\u00e1s fue s\u00f3lo el da\u00f1o por s\u00ed mismo\u201d.<\/p>\n<p>Plante\u00f3 que \u201cpueden ser cuestiones sindicales, claramente el oficialismo no tiene un r\u00e9dito pol\u00edtico de esto y habr\u00eda que ver si hay un trasfondo pol\u00edtico, pero la realidad es que desde distintos sectores pol\u00edticos se vocifera un mensaje agresivo hacia el sector, desde hace varios a\u00f1os. Y todo eso va generando en gran parte de la comunidad una imagen negativa hacia los productores y hacia la actividad agropecuaria; nos tratan de ego\u00edstas, especuladores, golpistas y todo ello puede ser un caldo de cultivo como para que cualquiera vaya a romper un silobolsa y se sienta satisfecho, siente que est\u00e1 haciendo Patria o que est\u00e1 ayudando a alguna causa\u201d.<\/p>\n<p>\u201cEl argumento o la hip\u00f3tesis de que es una cuesti\u00f3n ideol\u00f3gica no es descabellado, pero no lo simplificamos a ello, entendemos que es algo m\u00e1s complejo. Puede ser que haya otros intereses porque puede ser que a alguien le moleste el uso del silobolsa porque le repercute en alg\u00fan negocio, alguna actividad, alguna actor de la cadena; todas esas hip\u00f3tesis se est\u00e1n investigando\u201d, explic\u00f3.<\/p>\n<p>Se quej\u00f3 que \u201cel dato pol\u00edtico es que hay un silencio, y reci\u00e9n esta semana comienza a verse alguna reacci\u00f3n, alguna manifestaci\u00f3n de algunos dirigentes pol\u00edticos repudiando estos hechos, pero la verdad es que estos ataques se suceden en todo el pa\u00eds y nadie del gobierno, ninguna autoridad, repudia los hechos, lo cual puede ser una se\u00f1al no deseada y esto preocupa mucho\u201d.<\/p>\n<p>Por \u00faltimo, recomend\u00f3 a los productores que sufren estos hechos \u201cque realicen las denuncias\u201d ya que \u201cmuchas veces no se hacen las denuncias porque hay un descreimiento hacia el sistema, pero se necesitan las denuncias para hacer visibles los hechos y poder sentarnos con las autoridades\u201d.<\/p>\n<p>Fuente: Esperanza D\u00eda x D\u00eda<\/p>\n","protected":false},"excerpt":{"rendered":"<p>El secretario de la Confederaci\u00f3n de Asociaciones Rurales de Santa Fe (CARSFE), Ignacio M\u00e1ntaras, se refiri\u00f3 a la preocupaci\u00f3n del sector ante la reiteraci\u00f3n de los ataques en los campos de todo el pa\u00eds<\/p>\n","protected":false},"author":5,"featured_media":0,"comment_status":"open","ping_status":"open","sticky":false,"template":"","format":"standard","meta":[],"categories":[14],"tags":[110,4364,2826,3400],"_links":{"self":[{"href":"http:\/\/rurallascolonias.com.ar\/index.php?rest_route=\/wp\/v2\/posts\/18921"}],"collection":[{"href":"http:\/\/rurallascolonias.com.ar\/index.php?rest_route=\/wp\/v2\/posts"}],"about":[{"href":"http:\/\/rurallascolonias.com.ar\/index.php?rest_route=\/wp\/v2\/types\/post"}],"author":[{"embeddable":true,"href":"http:\/\/rurallascolonias.com.ar\/index.php?rest_route=\/wp\/v2\/users\/5"}],"replies":[{"embeddable":true,"href":"http:\/\/rurallascolonias.com.ar\/index.php?rest_route=%2Fwp%2Fv2%2Fcomments&post=18921"}],"version-history":[{"count":1,"href":"http:\/\/rurallascolonias.com.ar\/index.php?rest_route=\/wp\/v2\/posts\/18921\/revisions"}],"predecessor-version":[{"id":18922,"href":"http:\/\/rurallascolonias.com.ar\/index.php?rest_route=\/wp\/v2\/posts\/18921\/revisions\/18922"}],"wp:attachment":[{"href":"http:\/\/rurallascolonias.com.ar\/index.php?rest_route=%2Fwp%2Fv2%2Fmedia&parent=18921"}],"wp:term":[{"taxonomy":"category","embeddable":true,"href":"http:\/\/rurallascolonias.com.ar\/index.php?rest_route=%2Fwp%2Fv2%2Fcategories&post=18921"},{"taxonomy":"post_tag","embeddable":true,"href":"http:\/\/rurallascolonias.com.ar\/index.php?rest_route=%2Fwp%2Fv2%2Ftags&post=18921"}],"curies":[{"name":"wp","href":"https:\/\/api.w.org\/{rel}","templated":true}]}}