{"id":18860,"date":"2020-06-11T20:50:07","date_gmt":"2020-06-11T20:50:07","guid":{"rendered":"http:\/\/rurallascolonias.com.ar\/?p=18860"},"modified":"2020-06-12T11:42:51","modified_gmt":"2020-06-12T11:42:51","slug":"alonso-recibio-a-los-concejales-de-juntos-por-el-cambio","status":"publish","type":"post","link":"http:\/\/rurallascolonias.com.ar\/?p=18860","title":{"rendered":"ALONSO RECIBI\u00d3 A LOS CONCEJALES DE JUNTOS POR EL CAMBIO"},"content":{"rendered":"<p><em><strong><a href=\"http:\/\/rurallascolonias.com.ar\/?attachment_id=18862\" rel=\"attachment wp-att-18862\"><img loading=\"lazy\" class=\"aligncenter size-full wp-image-18862\" src=\"http:\/\/rurallascolonias.com.ar\/wp-content\/uploads\/2020\/06\/20200611_122344.jpg\" alt=\"\" width=\"4128\" height=\"2322\" srcset=\"http:\/\/rurallascolonias.com.ar\/wp-content\/uploads\/2020\/06\/20200611_122344.jpg 4128w, http:\/\/rurallascolonias.com.ar\/wp-content\/uploads\/2020\/06\/20200611_122344-300x169.jpg 300w, http:\/\/rurallascolonias.com.ar\/wp-content\/uploads\/2020\/06\/20200611_122344-768x432.jpg 768w, http:\/\/rurallascolonias.com.ar\/wp-content\/uploads\/2020\/06\/20200611_122344-1024x576.jpg 1024w, http:\/\/rurallascolonias.com.ar\/wp-content\/uploads\/2020\/06\/20200611_122344-600x338.jpg 600w, http:\/\/rurallascolonias.com.ar\/wp-content\/uploads\/2020\/06\/20200611_122344-624x351.jpg 624w\" sizes=\"(max-width: 4128px) 100vw, 4128px\" \/><\/a>Hoy al mediod\u00eda el Presidente de la Sociedad Rural de Las Colonias, Diego Alonso, recibi\u00f3 en la Sede a los Concejales del Bloque Juntos por el Cambio, Guillermo Bonv\u00edn y Mariano Puig<\/strong><\/em><!--more--><\/p>\n<p>El motivo del encuentro fue a ra\u00edz de un duro comunicado que dichos concejales realizaron acerca de la situaci\u00f3n que atraviesa la firma Vicent\u00edn donde manifestaron su repudio y preocupaci\u00f3n frente a la intervenci\u00f3n por parte del Estado Nacional. Se trat\u00f3 de un Proyecto de Minuta de Declaraci\u00f3n el cual no obtuvo el acompa\u00f1amiento del Bloque Justicialista.<\/p>\n<p><a href=\"http:\/\/rurallascolonias.com.ar\/?attachment_id=18863\" rel=\"attachment wp-att-18863\"><img loading=\"lazy\" class=\"aligncenter wp-image-18863 size-medium\" src=\"http:\/\/rurallascolonias.com.ar\/wp-content\/uploads\/2020\/06\/20200611_122439-300x169.jpg\" alt=\"\" width=\"300\" height=\"169\" srcset=\"http:\/\/rurallascolonias.com.ar\/wp-content\/uploads\/2020\/06\/20200611_122439-300x169.jpg 300w, http:\/\/rurallascolonias.com.ar\/wp-content\/uploads\/2020\/06\/20200611_122439-768x432.jpg 768w, http:\/\/rurallascolonias.com.ar\/wp-content\/uploads\/2020\/06\/20200611_122439-1024x576.jpg 1024w, http:\/\/rurallascolonias.com.ar\/wp-content\/uploads\/2020\/06\/20200611_122439-600x338.jpg 600w, http:\/\/rurallascolonias.com.ar\/wp-content\/uploads\/2020\/06\/20200611_122439-624x351.jpg 624w\" sizes=\"(max-width: 300px) 100vw, 300px\" \/><\/a>El encuentro de hoy fue oportuno para dialogar acerca de otros temas de sumo inter\u00e9s, no s\u00f3lo para la ciudad de Esperanza sino para todo el Departamento, como ser: impuestos, caminos rurales y seguridad.<\/p>\n<p>Tanto Bonv\u00edn como Puig quedaron a entera disposici\u00f3n de la entidad rural para cualquier charla, taller o manifestaci\u00f3n que se quiera hacer.<\/p>\n<p>Sociedad Rural de Las Colonias<\/p>\n","protected":false},"excerpt":{"rendered":"<p>Hoy al mediod\u00eda el Presidente de la Sociedad Rural de Las Colonias, Diego Alonso, recibi\u00f3 en la Sede a los Concejales del Bloque Juntos por el Cambio, Guillermo Bonv\u00edn y Mariano Puig<\/p>\n","protected":false},"author":5,"featured_media":0,"comment_status":"open","ping_status":"open","sticky":false,"template":"","format":"standard","meta":[],"categories":[29],"tags":[4163,4355,4354,4356],"_links":{"self":[{"href":"http:\/\/rurallascolonias.com.ar\/index.php?rest_route=\/wp\/v2\/posts\/18860"}],"collection":[{"href":"http:\/\/rurallascolonias.com.ar\/index.php?rest_route=\/wp\/v2\/posts"}],"about":[{"href":"http:\/\/rurallascolonias.com.ar\/index.php?rest_route=\/wp\/v2\/types\/post"}],"author":[{"embeddable":true,"href":"http:\/\/rurallascolonias.com.ar\/index.php?rest_route=\/wp\/v2\/users\/5"}],"replies":[{"embeddable":true,"href":"http:\/\/rurallascolonias.com.ar\/index.php?rest_route=%2Fwp%2Fv2%2Fcomments&post=18860"}],"version-history":[{"count":4,"href":"http:\/\/rurallascolonias.com.ar\/index.php?rest_route=\/wp\/v2\/posts\/18860\/revisions"}],"predecessor-version":[{"id":18866,"href":"http:\/\/rurallascolonias.com.ar\/index.php?rest_route=\/wp\/v2\/posts\/18860\/revisions\/18866"}],"wp:attachment":[{"href":"http:\/\/rurallascolonias.com.ar\/index.php?rest_route=%2Fwp%2Fv2%2Fmedia&parent=18860"}],"wp:term":[{"taxonomy":"category","embeddable":true,"href":"http:\/\/rurallascolonias.com.ar\/index.php?rest_route=%2Fwp%2Fv2%2Fcategories&post=18860"},{"taxonomy":"post_tag","embeddable":true,"href":"http:\/\/rurallascolonias.com.ar\/index.php?rest_route=%2Fwp%2Fv2%2Ftags&post=18860"}],"curies":[{"name":"wp","href":"https:\/\/api.w.org\/{rel}","templated":true}]}}