{"id":18854,"date":"2020-06-10T20:20:59","date_gmt":"2020-06-10T20:20:59","guid":{"rendered":"http:\/\/rurallascolonias.com.ar\/?p=18854"},"modified":"2020-06-10T20:20:59","modified_gmt":"2020-06-10T20:20:59","slug":"urgente","status":"publish","type":"post","link":"http:\/\/rurallascolonias.com.ar\/?p=18854","title":{"rendered":"URGENTE!!"},"content":{"rendered":"<p><strong><em><a href=\"http:\/\/rurallascolonias.com.ar\/?attachment_id=16118\" rel=\"attachment wp-att-16118\"><img loading=\"lazy\" class=\"aligncenter size-full wp-image-16118\" src=\"http:\/\/rurallascolonias.com.ar\/wp-content\/uploads\/2018\/03\/logo.jpg\" alt=\"\" width=\"112\" height=\"125\" \/><\/a>Comunicado de Prensa<\/em><\/strong><!--more--><br \/>\n<span data-contrast=\"none\">La Sociedad Rural de Las Colonias manifiesta el total repudio a la intervenci\u00f3n y proyecto de expropiaci\u00f3n de la firma\u00a0<\/span><span data-contrast=\"none\">Vicentin<\/span><span data-contrast=\"none\">\u00a0<\/span><span data-contrast=\"none\">Saic<\/span><span data-contrast=\"none\">. y de cualquier caso similar.<\/span><br \/>\n<span data-contrast=\"none\">De la misma manera lo han manifestado nuestras entidades,\u00a0<\/span><span data-contrast=\"none\">Carsfe<\/span><span data-contrast=\"none\">\u00a0a nivel provincial y CRA a nivel nacional.<\/span><span data-ccp-props=\"{}\">\u00a0<\/span><\/p>\n<p><span data-contrast=\"none\">Instamos a todos los productores y ciudadanos a participar en las instituciones y defender as\u00ed,\u202f la Democracia y la Constituci\u00f3n Nacional.\u202f<\/span><span data-ccp-props=\"{}\">\u00a0<\/span><\/p>\n<p><span data-contrast=\"none\">El pa\u00eds se construye en el d\u00eda a d\u00eda. Necesitamos de Ustedes para trabajar en el largo plazo y as\u00ed, entre todos, construir un pa\u00eds mejor.\u202f<\/span><span data-ccp-props=\"{}\">\u00a0<\/span><\/p>\n<p><span data-contrast=\"none\">Los esperamos!!<\/span><span data-ccp-props=\"{}\">\u00a0<\/span><\/p>\n","protected":false},"excerpt":{"rendered":"<p>Comunicado de Prensa<\/p>\n","protected":false},"author":5,"featured_media":0,"comment_status":"open","ping_status":"open","sticky":false,"template":"","format":"standard","meta":[],"categories":[1],"tags":[],"_links":{"self":[{"href":"http:\/\/rurallascolonias.com.ar\/index.php?rest_route=\/wp\/v2\/posts\/18854"}],"collection":[{"href":"http:\/\/rurallascolonias.com.ar\/index.php?rest_route=\/wp\/v2\/posts"}],"about":[{"href":"http:\/\/rurallascolonias.com.ar\/index.php?rest_route=\/wp\/v2\/types\/post"}],"author":[{"embeddable":true,"href":"http:\/\/rurallascolonias.com.ar\/index.php?rest_route=\/wp\/v2\/users\/5"}],"replies":[{"embeddable":true,"href":"http:\/\/rurallascolonias.com.ar\/index.php?rest_route=%2Fwp%2Fv2%2Fcomments&post=18854"}],"version-history":[{"count":2,"href":"http:\/\/rurallascolonias.com.ar\/index.php?rest_route=\/wp\/v2\/posts\/18854\/revisions"}],"predecessor-version":[{"id":18857,"href":"http:\/\/rurallascolonias.com.ar\/index.php?rest_route=\/wp\/v2\/posts\/18854\/revisions\/18857"}],"wp:attachment":[{"href":"http:\/\/rurallascolonias.com.ar\/index.php?rest_route=%2Fwp%2Fv2%2Fmedia&parent=18854"}],"wp:term":[{"taxonomy":"category","embeddable":true,"href":"http:\/\/rurallascolonias.com.ar\/index.php?rest_route=%2Fwp%2Fv2%2Fcategories&post=18854"},{"taxonomy":"post_tag","embeddable":true,"href":"http:\/\/rurallascolonias.com.ar\/index.php?rest_route=%2Fwp%2Fv2%2Ftags&post=18854"}],"curies":[{"name":"wp","href":"https:\/\/api.w.org\/{rel}","templated":true}]}}