{"id":18817,"date":"2020-06-07T13:28:15","date_gmt":"2020-06-07T13:28:15","guid":{"rendered":"http:\/\/rurallascolonias.com.ar\/?p=18817"},"modified":"2020-06-07T13:28:15","modified_gmt":"2020-06-07T13:28:15","slug":"cabildo-abierto-eleva-un-petitorio-de-esperanza-para-aprobar-fase-4","status":"publish","type":"post","link":"http:\/\/rurallascolonias.com.ar\/?p=18817","title":{"rendered":"CABILDO ABIERTO: ELEVA UN \u00abPETITORIO DE ESPERANZA\u00bb PARA APROBAR FASE 4"},"content":{"rendered":"<p><strong><em><a href=\"http:\/\/rurallascolonias.com.ar\/?attachment_id=18821\" rel=\"attachment wp-att-18821\"><img loading=\"lazy\" class=\"aligncenter size-full wp-image-18821\" src=\"http:\/\/rurallascolonias.com.ar\/wp-content\/uploads\/2020\/06\/IMG-20200603-WA0010.jpg\" alt=\"\" width=\"1280\" height=\"960\" srcset=\"http:\/\/rurallascolonias.com.ar\/wp-content\/uploads\/2020\/06\/IMG-20200603-WA0010.jpg 1280w, http:\/\/rurallascolonias.com.ar\/wp-content\/uploads\/2020\/06\/IMG-20200603-WA0010-300x225.jpg 300w, http:\/\/rurallascolonias.com.ar\/wp-content\/uploads\/2020\/06\/IMG-20200603-WA0010-768x576.jpg 768w, http:\/\/rurallascolonias.com.ar\/wp-content\/uploads\/2020\/06\/IMG-20200603-WA0010-1024x768.jpg 1024w, http:\/\/rurallascolonias.com.ar\/wp-content\/uploads\/2020\/06\/IMG-20200603-WA0010-600x450.jpg 600w, http:\/\/rurallascolonias.com.ar\/wp-content\/uploads\/2020\/06\/IMG-20200603-WA0010-624x468.jpg 624w\" sizes=\"(max-width: 1280px) 100vw, 1280px\" \/><\/a>El pasado 3 de junio en la ciudad de Esperanza las instituciones que representan intereses sociales, econ\u00f3micos, culturales y deportivos formalizados de la ciudadan\u00eda local (en las cuales se encuentra la Sociedad Rural de Las Colonias) convocadas en el marco del ente consultivo denominado \u00abCabildo Abierto\u00bb, tras escuchar los informes sobre la situaci\u00f3n epidemiol\u00f3gica del Distrito resuelven peticionar a la Intendente Municipal, Ana Mar\u00eda Meiners y al CPN Rub\u00e9n Pirola en su car\u00e1cter de Senador Provincial y responsable de la Unidad administradora de la Emergencia en el Departamento Las Colonias, lo siguiente:<\/em><\/strong><!--more--><\/p>\n<p><a href=\"http:\/\/rurallascolonias.com.ar\/?attachment_id=18822\" rel=\"attachment wp-att-18822\"><img loading=\"lazy\" class=\"aligncenter size-full wp-image-18822\" src=\"http:\/\/rurallascolonias.com.ar\/wp-content\/uploads\/2020\/06\/IMG-20200603-WA0011.jpg\" alt=\"\" width=\"1280\" height=\"960\" srcset=\"http:\/\/rurallascolonias.com.ar\/wp-content\/uploads\/2020\/06\/IMG-20200603-WA0011.jpg 1280w, http:\/\/rurallascolonias.com.ar\/wp-content\/uploads\/2020\/06\/IMG-20200603-WA0011-300x225.jpg 300w, http:\/\/rurallascolonias.com.ar\/wp-content\/uploads\/2020\/06\/IMG-20200603-WA0011-768x576.jpg 768w, http:\/\/rurallascolonias.com.ar\/wp-content\/uploads\/2020\/06\/IMG-20200603-WA0011-1024x768.jpg 1024w, http:\/\/rurallascolonias.com.ar\/wp-content\/uploads\/2020\/06\/IMG-20200603-WA0011-600x450.jpg 600w, http:\/\/rurallascolonias.com.ar\/wp-content\/uploads\/2020\/06\/IMG-20200603-WA0011-624x468.jpg 624w\" sizes=\"(max-width: 1280px) 100vw, 1280px\" \/><\/a>1-Al no registrarse casos de contagio de COVID 19 desde el mes de marzo del corriente a\u00f1o, se justifica poder declarar a la ciudad de Esperanza al ingreso de la denominada FASE 4 AMPLIADA (autorizaci\u00f3n de la pr\u00e1ctica de todas las actividades comunitarias con especiales cuidados de higiene y distanciamiento social y con el 75% de movilidad de los habitantes). Por tal motivo, se eleva el pedido al Sr. Gobernador de la Provincia, CPN Omar Perotti para que pueda dictar las normas legales pertinentes para poder declarar la entrada en vigencia de las disposiciones propias de dicha FASE.<\/p>\n<p>2-Id\u00e9ntica petici\u00f3n se dirija a las C\u00e1maras de Senadores y Diputados de la Provincia de Santa Fe respectivamente.<\/p>\n<p>3-Que este requerimiento se env\u00ede al Honorable Concejo Municipal de la ciudad de Esperanza a fin que emita una Declaraci\u00f3n de acompa\u00f1amiento y expresi\u00f3n de agrado por el exitoso tr\u00e1mite de los pedidos formulados a los Poderes Provinciales.<\/p>\n<p>4-Y poner a este escrito, denominado \u00abPETITORIO DE ESPERANZA\u00bb, en conocimiento de los Poderes Ejecutivos, Concejos Municipales, Comisiones Comunales y entidades representativas del quehacer ciudadano en todas las Municipalidades y Comunas de nuestra Provincia que se encuentren en la misma situaci\u00f3n sanitaria que Esperanza.<\/p>\n<p>Sociedad Rural de Las Colonias<\/p>\n","protected":false},"excerpt":{"rendered":"<p>El pasado 3 de junio en la ciudad de Esperanza las instituciones que representan intereses sociales, econ\u00f3micos, culturales y deportivos formalizados de la ciudadan\u00eda local (en las cuales se encuentra la Sociedad Rural de Las Colonias) convocadas en el marco del ente consultivo denominado \u00abCabildo Abierto\u00bb, tras escuchar los informes sobre la situaci\u00f3n epidemiol\u00f3gica del [&hellip;]<\/p>\n","protected":false},"author":5,"featured_media":0,"comment_status":"open","ping_status":"open","sticky":false,"template":"","format":"standard","meta":[],"categories":[29],"tags":[2057,4353],"_links":{"self":[{"href":"http:\/\/rurallascolonias.com.ar\/index.php?rest_route=\/wp\/v2\/posts\/18817"}],"collection":[{"href":"http:\/\/rurallascolonias.com.ar\/index.php?rest_route=\/wp\/v2\/posts"}],"about":[{"href":"http:\/\/rurallascolonias.com.ar\/index.php?rest_route=\/wp\/v2\/types\/post"}],"author":[{"embeddable":true,"href":"http:\/\/rurallascolonias.com.ar\/index.php?rest_route=\/wp\/v2\/users\/5"}],"replies":[{"embeddable":true,"href":"http:\/\/rurallascolonias.com.ar\/index.php?rest_route=%2Fwp%2Fv2%2Fcomments&post=18817"}],"version-history":[{"count":3,"href":"http:\/\/rurallascolonias.com.ar\/index.php?rest_route=\/wp\/v2\/posts\/18817\/revisions"}],"predecessor-version":[{"id":18823,"href":"http:\/\/rurallascolonias.com.ar\/index.php?rest_route=\/wp\/v2\/posts\/18817\/revisions\/18823"}],"wp:attachment":[{"href":"http:\/\/rurallascolonias.com.ar\/index.php?rest_route=%2Fwp%2Fv2%2Fmedia&parent=18817"}],"wp:term":[{"taxonomy":"category","embeddable":true,"href":"http:\/\/rurallascolonias.com.ar\/index.php?rest_route=%2Fwp%2Fv2%2Fcategories&post=18817"},{"taxonomy":"post_tag","embeddable":true,"href":"http:\/\/rurallascolonias.com.ar\/index.php?rest_route=%2Fwp%2Fv2%2Ftags&post=18817"}],"curies":[{"name":"wp","href":"https:\/\/api.w.org\/{rel}","templated":true}]}}