{"id":18811,"date":"2020-06-02T20:06:54","date_gmt":"2020-06-02T20:06:54","guid":{"rendered":"http:\/\/rurallascolonias.com.ar\/?p=18811"},"modified":"2020-06-02T20:06:54","modified_gmt":"2020-06-02T20:06:54","slug":"vicentin-denuncian-aval-judicial-a-un-fraude-y-piden-declararla-empresa-publica-no-estatal","status":"publish","type":"post","link":"http:\/\/rurallascolonias.com.ar\/?p=18811","title":{"rendered":"VICENT\u00cdN: DENUNCIAN AVAL JUDICIAL A UN \u00abFRAUDE\u00bb Y PIDEN DECLARARLA \u00abEMPRESA P\u00daBLICA NO ESTATAL\u00bb"},"content":{"rendered":"<p><em><strong><a href=\"http:\/\/rurallascolonias.com.ar\/?attachment_id=18812\" rel=\"attachment wp-att-18812\"><img loading=\"lazy\" class=\"aligncenter size-full wp-image-18812\" src=\"http:\/\/rurallascolonias.com.ar\/wp-content\/uploads\/2020\/06\/vicent\u00edn.jpg\" alt=\"\" width=\"275\" height=\"183\" \/><\/a>En una carta abierta, un grupo de pol\u00edticos, sindicalistas y activistas de izquierda solicitaron p\u00fablicamente la intervenci\u00f3n. \u201cConsideramos imprescindible y urgente que el gobierno tome control de la situaci\u00f3n\u201d, afirman<\/strong><\/em><!--more--><\/p>\n<p class=\"selectionShareable\">Dirigentes pol\u00edticos, sindicales y sociales solicitaron ayer que la agroexportadora Vicent\u00edn sea declarada \u201cempresa p\u00fablica no estatal\u201d para evitar \u201cuna mayor concentracion y extranjerizacion del comercio exterior de granos y de la cadena de producci\u00f3n alimentaria\u201d.<\/p>\n<p class=\"selectionShareable\">\n<p class=\"selectionShareable\">La firma, que integra el ranking de las diez agroexportadoras m\u00e1s importantes del pa\u00eds, entr\u00f3 en cesaci\u00f3n de pagos el 5 de diciembre \u00faltimo, cuando no pudo hacer frente a obligaciones por cerca de US$ 1.350 millones, de los cuales una gran parte corresponde a cr\u00e9ditos otorgados por la banca p\u00fablica.<\/p>\n<p class=\"selectionShareable\">\n<p class=\"selectionShareable\">\u201cConsideramos imprescindible y urgente que el gobierno tome control de la situaci\u00f3n y, utilizando las herramientas del Estado, intervenga urgentemente sobre un concurso que est\u00e1 apa\u00f1ando un fraude y promueva una alternativa para el futuro del Grupo Vicent\u00edn, que tome en cuenta los verdaderos intereses del pa\u00eds y la comunidad\u201d, manifestaron los firmantes de una declaraci\u00f3n conjunta dirigida al gobierno nacional.<\/p>\n<p class=\"selectionShareable\">\n<p class=\"selectionShareable\">En ese sentido, manifestaron que resultar\u00eda \u201cinsensato ceder una empresa estrat\u00e9gica como Vicent\u00edn a grupos y lobbies cuyas maniobras no garantizar\u00e1n en lo m\u00e1s m\u00ednimo convertirla en una empresa argentina\u201d.\u201dEl gobierno nacional no deber\u00eda permitir que la misma caiga en manos de actores que, con otro nombre, mantendr\u00edan y profundizar\u00edan el mismo comportamiento contrario a los intereses nacionales\u201d, aseguraron a trav\u00e9s de una carta abierta.<\/p>\n<p class=\"selectionShareable\">\n<p class=\"selectionShareable\">Los firmantes propusieron entonces que el Gobierno impulse las medidas necesarias \u201cpara transformar a Vicent\u00edn en una empresa p\u00fablica no estatal bajo control pol\u00edtico y socia\u201d a la vez que solicitaron una urgente entrevista con el presidente Alberto Fernandez.<\/p>\n<p class=\"selectionShareable\">\n<p class=\"selectionShareable\">Entre los firmantes del documento figuran Claudio Lozano, Pedro Peretti, Mempo Giardinelli, Carlos del Frade, Fernando \u201cPino\u201d Solanas, Victoria Donda, Horacio Gonz\u00e1lez, Alcira Argumedo, Juan Grabois, Maristella Svampa, Damaris Pacchiotti, Itai Hagman, Agustina Donnet, Juan Carlos Alderete, Caren Tepp, Jorge Bernetti, Letizia Quagliaro, Rub\u00e9n Giustiniani, Ana Galmarini, Juan Monteverde, Victor de Gennaro, Leonardo Grosso, Daniel Men\u00e9ndez y Omar Principe (ex pte de FAA), entre otros.<\/p>\n<p class=\"selectionShareable\">\n<p class=\"selectionShareable\">La empresa Vicentin solicit\u00f3 a principios de febrero la apertura de su concurso preventivo de acreedores ante la justicia de Santa Fe y por estos d\u00edas se debate el futuro de la compa\u00f1\u00eda, de la cual, se calcula, dependen unos 7 mil empleos en forma directa.<\/p>\n<p class=\"selectionShareable\">Fuente: Campolitoral<\/p>\n","protected":false},"excerpt":{"rendered":"<p>En una carta abierta, un grupo de pol\u00edticos, sindicalistas y activistas de izquierda solicitaron p\u00fablicamente la intervenci\u00f3n. \u201cConsideramos imprescindible y urgente que el gobierno tome control de la situaci\u00f3n\u201d, afirman<\/p>\n","protected":false},"author":5,"featured_media":0,"comment_status":"open","ping_status":"open","sticky":false,"template":"","format":"standard","meta":[],"categories":[33],"tags":[2988],"_links":{"self":[{"href":"http:\/\/rurallascolonias.com.ar\/index.php?rest_route=\/wp\/v2\/posts\/18811"}],"collection":[{"href":"http:\/\/rurallascolonias.com.ar\/index.php?rest_route=\/wp\/v2\/posts"}],"about":[{"href":"http:\/\/rurallascolonias.com.ar\/index.php?rest_route=\/wp\/v2\/types\/post"}],"author":[{"embeddable":true,"href":"http:\/\/rurallascolonias.com.ar\/index.php?rest_route=\/wp\/v2\/users\/5"}],"replies":[{"embeddable":true,"href":"http:\/\/rurallascolonias.com.ar\/index.php?rest_route=%2Fwp%2Fv2%2Fcomments&post=18811"}],"version-history":[{"count":1,"href":"http:\/\/rurallascolonias.com.ar\/index.php?rest_route=\/wp\/v2\/posts\/18811\/revisions"}],"predecessor-version":[{"id":18813,"href":"http:\/\/rurallascolonias.com.ar\/index.php?rest_route=\/wp\/v2\/posts\/18811\/revisions\/18813"}],"wp:attachment":[{"href":"http:\/\/rurallascolonias.com.ar\/index.php?rest_route=%2Fwp%2Fv2%2Fmedia&parent=18811"}],"wp:term":[{"taxonomy":"category","embeddable":true,"href":"http:\/\/rurallascolonias.com.ar\/index.php?rest_route=%2Fwp%2Fv2%2Fcategories&post=18811"},{"taxonomy":"post_tag","embeddable":true,"href":"http:\/\/rurallascolonias.com.ar\/index.php?rest_route=%2Fwp%2Fv2%2Ftags&post=18811"}],"curies":[{"name":"wp","href":"https:\/\/api.w.org\/{rel}","templated":true}]}}