{"id":18675,"date":"2020-04-14T19:51:05","date_gmt":"2020-04-14T19:51:05","guid":{"rendered":"http:\/\/rurallascolonias.com.ar\/?p=18675"},"modified":"2020-04-14T19:51:05","modified_gmt":"2020-04-14T19:51:05","slug":"fonterra-cerro-temporalmente-un-centro-de-distribucion-luego-de-que-dos-trabajadores-dieran-positivo-al-covid-19","status":"publish","type":"post","link":"http:\/\/rurallascolonias.com.ar\/?p=18675","title":{"rendered":"FONTERRA CERR\u00d3 TEMPORALMENTE UN CENTRO DE DISTRIBUCI\u00d3N, LUEGO DE QUE DOS TRABAJADORES DIERAN POSITIVO AL COVID-19"},"content":{"rendered":"<p><em><strong><a href=\"http:\/\/rurallascolonias.com.ar\/?attachment_id=18676\" rel=\"attachment wp-att-18676\"><img loading=\"lazy\" class=\"aligncenter size-full wp-image-18676\" src=\"http:\/\/rurallascolonias.com.ar\/wp-content\/uploads\/2020\/04\/fonterra.jpg\" alt=\"\" width=\"1536\" height=\"450\" srcset=\"http:\/\/rurallascolonias.com.ar\/wp-content\/uploads\/2020\/04\/fonterra.jpg 1536w, http:\/\/rurallascolonias.com.ar\/wp-content\/uploads\/2020\/04\/fonterra-300x88.jpg 300w, http:\/\/rurallascolonias.com.ar\/wp-content\/uploads\/2020\/04\/fonterra-768x225.jpg 768w, http:\/\/rurallascolonias.com.ar\/wp-content\/uploads\/2020\/04\/fonterra-1024x300.jpg 1024w, http:\/\/rurallascolonias.com.ar\/wp-content\/uploads\/2020\/04\/fonterra-600x176.jpg 600w, http:\/\/rurallascolonias.com.ar\/wp-content\/uploads\/2020\/04\/fonterra-624x183.jpg 624w\" sizes=\"(max-width: 1536px) 100vw, 1536px\" \/><\/a>Fonterra cerr\u00f3 temporalmente uno de sus centros de distribuci\u00f3n en Southland, la provincia m\u00e1s al sur de la isla sur, despu\u00e9s de que dos trabajadores dieron positivo para Covid-19<\/strong><\/em><!--more--><\/p>\n<p>El centro de distribuci\u00f3n Edendale, perteneciente al gigante l\u00e1cteo, cerr\u00f3 por 48 horas la semana pasada para que se realizara una limpieza profunda, dijo el director suministro global, Gordon Carlyle, seg\u00fan consignaron el sitio NewsHub y New Zealan Herald.<\/p>\n<p>Alg\u00fan sector del centro de distribuci\u00f3n continu\u00f3 operando durante este tiempo y la recolecci\u00f3n y el procesamiento de la leche no se vieron afectados.<\/p>\n<p>Teniendo en cuenta el brote de coronavirus \u201cnuestra prioridad es tomar medidas y precauciones en el sitio para mantener a nuestra gente protegida de contraer o propagar el virus\u201d, se\u00f1al\u00f3 Carlyle. Y apunt\u00f3 que en la escala de Fonterra, con m\u00e1s de 20.000 empleados en m\u00e1s de 20 pa\u00edses de todo el mundo, inevitablemente algunos miembros del personal dar\u00edan positivo.<\/p>\n<p><span class=\"color-blue\">Fuente\u00a0<\/span><b><a href=\"http:\/\/www.blasinayasociados.com\/espanol\/fonterra-cerro-temporalmente-un-centro-de-distribucion-luego-de-que-dos-trabajadores-dieran-positivo-al-covid-19-9?nid=7873\" target=\"_blank\" rel=\"noopener noreferrer\">Blasina y Asociados<\/a><\/b><\/p>\n","protected":false},"excerpt":{"rendered":"<p>Fonterra cerr\u00f3 temporalmente uno de sus centros de distribuci\u00f3n en Southland, la provincia m\u00e1s al sur de la isla sur, despu\u00e9s de que dos trabajadores dieron positivo para Covid-19<\/p>\n","protected":false},"author":5,"featured_media":0,"comment_status":"open","ping_status":"open","sticky":false,"template":"","format":"standard","meta":[],"categories":[42],"tags":[4337,660],"_links":{"self":[{"href":"http:\/\/rurallascolonias.com.ar\/index.php?rest_route=\/wp\/v2\/posts\/18675"}],"collection":[{"href":"http:\/\/rurallascolonias.com.ar\/index.php?rest_route=\/wp\/v2\/posts"}],"about":[{"href":"http:\/\/rurallascolonias.com.ar\/index.php?rest_route=\/wp\/v2\/types\/post"}],"author":[{"embeddable":true,"href":"http:\/\/rurallascolonias.com.ar\/index.php?rest_route=\/wp\/v2\/users\/5"}],"replies":[{"embeddable":true,"href":"http:\/\/rurallascolonias.com.ar\/index.php?rest_route=%2Fwp%2Fv2%2Fcomments&post=18675"}],"version-history":[{"count":1,"href":"http:\/\/rurallascolonias.com.ar\/index.php?rest_route=\/wp\/v2\/posts\/18675\/revisions"}],"predecessor-version":[{"id":18677,"href":"http:\/\/rurallascolonias.com.ar\/index.php?rest_route=\/wp\/v2\/posts\/18675\/revisions\/18677"}],"wp:attachment":[{"href":"http:\/\/rurallascolonias.com.ar\/index.php?rest_route=%2Fwp%2Fv2%2Fmedia&parent=18675"}],"wp:term":[{"taxonomy":"category","embeddable":true,"href":"http:\/\/rurallascolonias.com.ar\/index.php?rest_route=%2Fwp%2Fv2%2Fcategories&post=18675"},{"taxonomy":"post_tag","embeddable":true,"href":"http:\/\/rurallascolonias.com.ar\/index.php?rest_route=%2Fwp%2Fv2%2Ftags&post=18675"}],"curies":[{"name":"wp","href":"https:\/\/api.w.org\/{rel}","templated":true}]}}