{"id":18647,"date":"2020-03-25T15:09:54","date_gmt":"2020-03-25T15:09:54","guid":{"rendered":"http:\/\/rurallascolonias.com.ar\/?p=18647"},"modified":"2020-03-27T15:20:41","modified_gmt":"2020-03-27T15:20:41","slug":"carsfe-le-envio-una-carta-al-gobernador","status":"publish","type":"post","link":"http:\/\/rurallascolonias.com.ar\/?p=18647","title":{"rendered":"CARSFE LE ENVI\u00d3 UNA CARTA AL GOBERNADOR"},"content":{"rendered":"<h2 class=\"description separatorlines\"><em><strong><a href=\"http:\/\/rurallascolonias.com.ar\/?attachment_id=18556\" rel=\"attachment wp-att-18556\"><img loading=\"lazy\" class=\"aligncenter size-full wp-image-18556\" src=\"http:\/\/rurallascolonias.com.ar\/wp-content\/uploads\/2020\/02\/Carlos-Castagnani-carsfe-2.jpg\" alt=\"\" width=\"512\" height=\"288\" srcset=\"http:\/\/rurallascolonias.com.ar\/wp-content\/uploads\/2020\/02\/Carlos-Castagnani-carsfe-2.jpg 512w, http:\/\/rurallascolonias.com.ar\/wp-content\/uploads\/2020\/02\/Carlos-Castagnani-carsfe-2-300x169.jpg 300w\" sizes=\"(max-width: 512px) 100vw, 512px\" \/><\/a>Compartimos la carta enviada por la Confederaci\u00f3n de Asociaciones Rurales de Santa Fe al gobernador Omar Perotti<\/strong><\/em><\/h2>\n<p><!--more--><\/p>\n<p align=\"center\">Se\u00f1or gobernador de la provincia de Santa Fe, Omar Perotti: por medio de la presente, la Confederaci\u00f3n de Asociaciones Rurales de Santa Fe (CARSFE), desea expresarle que se encuentran a su entera disposici\u00f3n todas las Sociedades Rurales asociadas a la entidad.<\/p>\n<p align=\"center\">Estamos atravesando momentos de incertidumbre, en los que necesitamos del aporte de todos. El campo santafesino una vez m\u00e1s quiere dar una mano, por lo que ofrecemos nuestras m\u00e1s de 30 entidades en territorio provincial para que sean utilizadas seg\u00fan las autoridades los dispongan. Se trata de predios de importantes dimensiones y que cuentan con estructura sanitaria.<\/p>\n<p align=\"center\">El campo no puede parar, por lo que necesitamos garantizar entre todos el funcionamiento de la producci\u00f3n, la industrializaci\u00f3n y el transporte que permitan mantener abastecidos de alimentos a los centros urbanos.<\/p>\n","protected":false},"excerpt":{"rendered":"<p>Compartimos la carta enviada por la Confederaci\u00f3n de Asociaciones Rurales de Santa Fe al gobernador Omar Perotti<\/p>\n","protected":false},"author":5,"featured_media":0,"comment_status":"open","ping_status":"open","sticky":false,"template":"","format":"standard","meta":[],"categories":[1],"tags":[120,4336,4116],"_links":{"self":[{"href":"http:\/\/rurallascolonias.com.ar\/index.php?rest_route=\/wp\/v2\/posts\/18647"}],"collection":[{"href":"http:\/\/rurallascolonias.com.ar\/index.php?rest_route=\/wp\/v2\/posts"}],"about":[{"href":"http:\/\/rurallascolonias.com.ar\/index.php?rest_route=\/wp\/v2\/types\/post"}],"author":[{"embeddable":true,"href":"http:\/\/rurallascolonias.com.ar\/index.php?rest_route=\/wp\/v2\/users\/5"}],"replies":[{"embeddable":true,"href":"http:\/\/rurallascolonias.com.ar\/index.php?rest_route=%2Fwp%2Fv2%2Fcomments&post=18647"}],"version-history":[{"count":1,"href":"http:\/\/rurallascolonias.com.ar\/index.php?rest_route=\/wp\/v2\/posts\/18647\/revisions"}],"predecessor-version":[{"id":18648,"href":"http:\/\/rurallascolonias.com.ar\/index.php?rest_route=\/wp\/v2\/posts\/18647\/revisions\/18648"}],"wp:attachment":[{"href":"http:\/\/rurallascolonias.com.ar\/index.php?rest_route=%2Fwp%2Fv2%2Fmedia&parent=18647"}],"wp:term":[{"taxonomy":"category","embeddable":true,"href":"http:\/\/rurallascolonias.com.ar\/index.php?rest_route=%2Fwp%2Fv2%2Fcategories&post=18647"},{"taxonomy":"post_tag","embeddable":true,"href":"http:\/\/rurallascolonias.com.ar\/index.php?rest_route=%2Fwp%2Fv2%2Ftags&post=18647"}],"curies":[{"name":"wp","href":"https:\/\/api.w.org\/{rel}","templated":true}]}}