{"id":18601,"date":"2020-03-10T17:16:54","date_gmt":"2020-03-10T17:16:54","guid":{"rendered":"http:\/\/rurallascolonias.com.ar\/?p=18601"},"modified":"2020-03-10T17:16:54","modified_gmt":"2020-03-10T17:16:54","slug":"el-presidente-de-la-sociedad-rural-recibio-a-concejales-municipales","status":"publish","type":"post","link":"http:\/\/rurallascolonias.com.ar\/?p=18601","title":{"rendered":"EL PRESIDENTE DE LA SOCIEDAD RURAL RECIBI\u00d3 A CONCEJALES MUNICIPALES"},"content":{"rendered":"<p><em><strong><a href=\"http:\/\/rurallascolonias.com.ar\/?attachment_id=18602\" rel=\"attachment wp-att-18602\"><img loading=\"lazy\" class=\"aligncenter size-full wp-image-18602\" src=\"http:\/\/rurallascolonias.com.ar\/wp-content\/uploads\/2020\/03\/IMG-20200310-WA0004.jpg\" alt=\"\" width=\"1024\" height=\"681\" srcset=\"http:\/\/rurallascolonias.com.ar\/wp-content\/uploads\/2020\/03\/IMG-20200310-WA0004.jpg 1024w, http:\/\/rurallascolonias.com.ar\/wp-content\/uploads\/2020\/03\/IMG-20200310-WA0004-300x200.jpg 300w, http:\/\/rurallascolonias.com.ar\/wp-content\/uploads\/2020\/03\/IMG-20200310-WA0004-768x511.jpg 768w, http:\/\/rurallascolonias.com.ar\/wp-content\/uploads\/2020\/03\/IMG-20200310-WA0004-600x399.jpg 600w, http:\/\/rurallascolonias.com.ar\/wp-content\/uploads\/2020\/03\/IMG-20200310-WA0004-624x415.jpg 624w\" sizes=\"(max-width: 1024px) 100vw, 1024px\" \/><\/a>En horas del mediod\u00eda de hoy, Diego Alonso se reuni\u00f3 en Sede Social con los concejales del Bloque Juntos por el Cambio Cambiemos, Guillermo Bonv\u00edn y Mariano Puig.<\/strong><\/em><\/p>\n<p><em><strong>El motivo del encuentro fue para dialogar acerca del Proyecto de Resoluci\u00f3n: rechazo a la suba de las retenciones al sector agropecuario. Fue oportuno la reuni\u00f3n para manifestar el apoyo a los productores.\u00a0<\/strong><\/em><!--more--><\/p>\n<p class=\"card-text\">En virtud de las facultades legislativas que le confiere la Ley N\u00b0 2756 corresponde al Concejo Municipal sancionar la norma legal pertinente,<br \/>\nPOR TODO ELLO<\/p>\n<div>EL CONCEJO MUNICIPAL<\/div>\n<p>SANCIONA EL SIGUIENTE<\/p>\n<div><u><strong>PROYECTO DE RESOLUCI\u00d3N N\u00b0\u2026<\/strong><\/u><\/div>\n<p>Art. 1).- RECH\u00c1ZASE el Decreto N\u00ba 230\/20, dictado por el Gobierno Nacional disponiendo el aumento de los derechos de exportaci\u00f3n para la soja y sus subproductos, e insta al mismo a dejar sin efecto la medida adoptada.<br \/>\nArt. 2).- RECH\u00c1ZASE las expresiones vertidas por el Senador Nacional Oscar Parrilli y por el referente de la Confederaci\u00f3n de Trabajadores de la Econom\u00eda Popular Juan Grabois en la b\u00fasqueda de un enfrentamiento entre sectores de la sociedad en una etapa sumamente dif\u00edcil para nuestro pa\u00eds.<br \/>\nArt. 3).- MANIFI\u00c9STASE su solidaridad con el sector agrario, ya que la econom\u00eda regional se ver\u00e1 seriamente afectada con las nuevas medidas adoptadas por el Estado Nacional.<br \/>\nArt. 4).- EL\u00c9VESE con los Considerandos precedentes.<br \/>\nArt. 5).- Comun\u00edquese al Departamento Ejecutivo.<\/p>\n","protected":false},"excerpt":{"rendered":"<p>En horas del mediod\u00eda de hoy, Diego Alonso se reuni\u00f3 en Sede Social con los concejales del Bloque Juntos por el Cambio Cambiemos, Guillermo Bonv\u00edn y Mariano Puig. El motivo del encuentro fue para dialogar acerca del Proyecto de Resoluci\u00f3n: rechazo a la suba de las retenciones al sector agropecuario. Fue oportuno la reuni\u00f3n para [&hellip;]<\/p>\n","protected":false},"author":5,"featured_media":0,"comment_status":"open","ping_status":"open","sticky":false,"template":"","format":"standard","meta":[],"categories":[29],"tags":[4329,74],"_links":{"self":[{"href":"http:\/\/rurallascolonias.com.ar\/index.php?rest_route=\/wp\/v2\/posts\/18601"}],"collection":[{"href":"http:\/\/rurallascolonias.com.ar\/index.php?rest_route=\/wp\/v2\/posts"}],"about":[{"href":"http:\/\/rurallascolonias.com.ar\/index.php?rest_route=\/wp\/v2\/types\/post"}],"author":[{"embeddable":true,"href":"http:\/\/rurallascolonias.com.ar\/index.php?rest_route=\/wp\/v2\/users\/5"}],"replies":[{"embeddable":true,"href":"http:\/\/rurallascolonias.com.ar\/index.php?rest_route=%2Fwp%2Fv2%2Fcomments&post=18601"}],"version-history":[{"count":1,"href":"http:\/\/rurallascolonias.com.ar\/index.php?rest_route=\/wp\/v2\/posts\/18601\/revisions"}],"predecessor-version":[{"id":18603,"href":"http:\/\/rurallascolonias.com.ar\/index.php?rest_route=\/wp\/v2\/posts\/18601\/revisions\/18603"}],"wp:attachment":[{"href":"http:\/\/rurallascolonias.com.ar\/index.php?rest_route=%2Fwp%2Fv2%2Fmedia&parent=18601"}],"wp:term":[{"taxonomy":"category","embeddable":true,"href":"http:\/\/rurallascolonias.com.ar\/index.php?rest_route=%2Fwp%2Fv2%2Fcategories&post=18601"},{"taxonomy":"post_tag","embeddable":true,"href":"http:\/\/rurallascolonias.com.ar\/index.php?rest_route=%2Fwp%2Fv2%2Ftags&post=18601"}],"curies":[{"name":"wp","href":"https:\/\/api.w.org\/{rel}","templated":true}]}}