{"id":18597,"date":"2020-03-10T16:53:48","date_gmt":"2020-03-10T16:53:48","guid":{"rendered":"http:\/\/rurallascolonias.com.ar\/?p=18597"},"modified":"2020-03-10T16:53:48","modified_gmt":"2020-03-10T16:53:48","slug":"productores-se-mostraron-preocupados-ante-las-nuevas-medidas-nacionales","status":"publish","type":"post","link":"http:\/\/rurallascolonias.com.ar\/?p=18597","title":{"rendered":"PRODUCTORES SE MOSTRARON PREOCUPADOS ANTE LAS NUEVAS MEDIDAS NACIONALES"},"content":{"rendered":"<p><em><strong><a href=\"http:\/\/rurallascolonias.com.ar\/?attachment_id=18598\" rel=\"attachment wp-att-18598\"><img loading=\"lazy\" class=\"aligncenter size-full wp-image-18598\" src=\"http:\/\/rurallascolonias.com.ar\/wp-content\/uploads\/2020\/03\/IMG-20200309-WA0018.jpg\" alt=\"\" width=\"1280\" height=\"640\" srcset=\"http:\/\/rurallascolonias.com.ar\/wp-content\/uploads\/2020\/03\/IMG-20200309-WA0018.jpg 1280w, http:\/\/rurallascolonias.com.ar\/wp-content\/uploads\/2020\/03\/IMG-20200309-WA0018-300x150.jpg 300w, http:\/\/rurallascolonias.com.ar\/wp-content\/uploads\/2020\/03\/IMG-20200309-WA0018-768x384.jpg 768w, http:\/\/rurallascolonias.com.ar\/wp-content\/uploads\/2020\/03\/IMG-20200309-WA0018-1024x512.jpg 1024w, http:\/\/rurallascolonias.com.ar\/wp-content\/uploads\/2020\/03\/IMG-20200309-WA0018-600x300.jpg 600w, http:\/\/rurallascolonias.com.ar\/wp-content\/uploads\/2020\/03\/IMG-20200309-WA0018-624x312.jpg 624w\" sizes=\"(max-width: 1280px) 100vw, 1280px\" \/><\/a>La Sociedad Rural de Las Colonias, acompa\u00f1\u00f3 a las entidades de Rafaela, Humberto Primo y Sunchales en una reuni\u00f3n realizada anoche en el Sal\u00f3n Centenario de la Rural para debatir y analizar el nuevo cronograma de retenciones y exportaciones propuesto por el gobierno nacional. Se habl\u00f3 de \u201cfijar posturas\u201d y no de medidas de fuerzas o confrontaciones<\/strong><\/em><!--more--><\/p>\n<p>Se llev\u00f3 a cabo anoche en el Sal\u00f3n Centenario de la Sociedad Rural de Rafaela una reuni\u00f3n informativa entre productores de las Sociedades Rurales de Las Colonias, Rafaela, Humberto Primo y Sunchales, con el fin de analizar el nuevo esquema de las retenciones y exportaciones comunicado por el Ministro de Agricultura, Ganader\u00eda y Pesca de la Naci\u00f3n, Luis Basterra, d\u00edas pasados a la Mesa de Enlace.<br \/>\nEstuvo presente Rub\u00e9n Ferrero, que compone la mesa Confederaciones Rurales Argentinas (CRA), c\u00f3mo as\u00ed tambi\u00e9n Norma Bessone, presidente de la Sociedad Rural de Rafaela y Pedro Rostagno, ex presidente de la Rural que hoy participa en la Confederaci\u00f3n de Asociaciones Rurales de la Provincia de Santa Fe (CARSFE). En tanto, se hicieron presentes el titular de la Sociedad Rural de Sunchales, Javier Bolatti, y el presidente de la rural de Humerto Primo, Diego Lescano. Adem\u00e1s, un buen n\u00famero de productores se hizo presente, pidiendo la palabra y describiendo la situaci\u00f3n que les toca vivir.<\/p>\n<p><a href=\"http:\/\/rurallascolonias.com.ar\/?attachment_id=18599\" rel=\"attachment wp-att-18599\"><img loading=\"lazy\" class=\"aligncenter size-full wp-image-18599\" src=\"http:\/\/rurallascolonias.com.ar\/wp-content\/uploads\/2020\/03\/IMG-20200309-WA0019.jpg\" alt=\"\" width=\"1280\" height=\"640\" srcset=\"http:\/\/rurallascolonias.com.ar\/wp-content\/uploads\/2020\/03\/IMG-20200309-WA0019.jpg 1280w, http:\/\/rurallascolonias.com.ar\/wp-content\/uploads\/2020\/03\/IMG-20200309-WA0019-300x150.jpg 300w, http:\/\/rurallascolonias.com.ar\/wp-content\/uploads\/2020\/03\/IMG-20200309-WA0019-768x384.jpg 768w, http:\/\/rurallascolonias.com.ar\/wp-content\/uploads\/2020\/03\/IMG-20200309-WA0019-1024x512.jpg 1024w, http:\/\/rurallascolonias.com.ar\/wp-content\/uploads\/2020\/03\/IMG-20200309-WA0019-600x300.jpg 600w, http:\/\/rurallascolonias.com.ar\/wp-content\/uploads\/2020\/03\/IMG-20200309-WA0019-624x312.jpg 624w\" sizes=\"(max-width: 1280px) 100vw, 1280px\" \/><\/a>Momento de no confrontar<br \/>\nLa titular de la Sociedad Rural de nuestra ciudad, Norma Bessone, comenz\u00f3 la reuni\u00f3n diciendo que \u201cclaro est\u00e1 que las pol\u00edticas p\u00fablicas no han sido buenas. No debemos confrontar, pero s\u00ed debemos fijar la real posici\u00f3n que nos ocupa y preocupa. El esquema de retenciones es inviable y por otro lado sabemos que las retenciones no son coparticipables\u201d, destac\u00f3 la presidente y agreg\u00f3 que \u201ctodos sabemos que llegaron a nuestros campos tema de infraestructura, el tema de seguridad rural\u201d y se pregunt\u00f3: \u00bfcu\u00e1ntas cuestiones dolorosas? As\u00ed no tenemos posibilidades de crecer. Es un momento para que intercambiemos ideas\u201d, mencion\u00f3.<br \/>\nEn la reuni\u00f3n informativa se fueron informando las bases de la medida que se est\u00e1 llevando adelante a nivel nacional. Recordemos que todo comenz\u00f3 como una solicitud que se le realiz\u00f3 a CRA por parte de las federadas y luego se sumaron las otras entidades que conforman la Mesa de Enlace Nacional.<br \/>\nEn esa misma l\u00ednea sigui\u00f3 Rub\u00e9n Ferrero, de vasta trayectoria en el sector, qui\u00e9n record\u00f3 que \u201cen el momento en el que se aprob\u00f3 la Ley de Emergencia, cuando se le permiti\u00f3 al Estado acrecentar un 3% m\u00e1s las retenciones espec\u00edficamente en soja, desde la dirigencia sab\u00edamos que el nuevo gobierno lo iba a estar comunicando. Autom\u00e1ticamente todos vieron los grandes movimientos que hubo desde autoconvocados y de las bases desde distintos lugares, donde se tom\u00f3 nota la nueva dirigencia a nivel nacional y se tom\u00f3 esta medida. Somos conscientes que de una medida de fuerza es muy dif\u00edcil que se logren soluciones inmediatas, s\u00ed estamos apostando que no se corte el di\u00e1logo y que desde las entidades a nivel nacional se siga dialogando con el gobierno nacional para tratar de que alguna medida se revierta esta situaci\u00f3n que, como antes dec\u00eda, es insostenible. A muy corto plazo se van a ver las mermas en las producciones. Hemos ca\u00eddo, cuando crecieron las retenciones, much\u00edsimo lo que era cabeza de ganado en carnes, hemos ca\u00eddo much\u00edsimo en lo que fue la producci\u00f3n de trigo, que con el \u00faltimo gobierno de Cristina Kirchner, fue la peor producci\u00f3n de trigo en los \u00faltimos 100 a\u00f1os. Esperemos que el gobierno se d\u00e9 cuenta de que hay que estimular y acompa\u00f1ar al sector productivo, que es la \u00fanica forma\u201d, destac\u00f3 Ferrero.<\/p>\n<p>Comunicar y debatir<br \/>\nFerrero, hoy vicepresidente tercero de CRA, expres\u00f3 que \u201cla intenci\u00f3n de esta medida es poner en agenda p\u00fablica cu\u00e1l es la real situaci\u00f3n. El productor agropecuario, como much\u00edsimas de las actividades productivas del pa\u00eds, est\u00e1n enfrentando en este momento un sin n\u00famero de impuestos que es verdaderamente insostenible, es imposible poder producir con esta presi\u00f3n que estamos teniendo en estos momentos. Queremos que se entienda a nivel nacional y que el gobierno entienda que es necesario acompa\u00f1ar la producci\u00f3n para producir m\u00e1s y que los recursos ingresen de la mano de las exportaciones y no cayendo en las exportaciones como ocurri\u00f3 cuando se incrementaron much\u00edsimo los impuestos en a\u00f1os anteriores\u201d, manifest\u00f3, y asegur\u00f3 que \u201cdebemos generar recursos, que ingresen d\u00f3lares al pa\u00eds y tambi\u00e9n de generar trabajo genuino. El trabajo desde el 2009 a la fecha, el trabajo que se gener\u00f3, es el del Estado. El empleo privado, pr\u00e1cticamente, no se gener\u00f3 y me parece que la Argentina necesita que crezca la producci\u00f3n para generar trabajo genuino\u201d, destac\u00f3.<br \/>\nEn relaci\u00f3n a los cambios que el nuevo gobierno nacional que conduce Alberto Fern\u00e1ndez ha implementado para con el sector, dijo que \u201cla situaci\u00f3n vari\u00f3 en dos sentidos. Por un lado los commodity en 2008, donde recordemos que la soja ara\u00f1aba los 700 d\u00f3lares, mientras que hoy est\u00e1 en 300, y por otro lado est\u00e1 el desdoblamiento cambiario. Cuando a m\u00ed me dicen que ten\u00edamos una retenci\u00f3n similar o parecida en el gobierno anterior, pienso en el gobierno anterior, donde hab\u00eda un compromiso al final del camino las retenciones iban a ir paulatinamente disminuyendo. Por otro lado, no exist\u00eda el desdoblamiento cambiario, que es una retenci\u00f3n encubierta porque m\u00e1s all\u00e1 de que los insumos a los productores se los siguen facturando en d\u00f3lares y el d\u00f3lar con el cual se paga ese insumo es el d\u00f3lar oficial, todos conocemos y sabemos que cuando hay desdoblamiento, aquello que val\u00eda 10 d\u00f3lares, autom\u00e1ticamente pasa a valer 13, y eso pega much\u00edsimo en cu\u00e1nto a la rentabilidad\u201d, finaliz\u00f3 Ferrero.<\/p>\n<p>\u201cProductor anestesiado\u201d<br \/>\nAs\u00ed lo defini\u00f3 Javier Bolatti, presidente de la Sociedad Rural de Sunchales, al hablar del momento que vive el productor de la Argentina y de los cambios que se vienen: \u201clo veo anestesiado al productor porque no reacciona, no ve por ahora demasiada crisis financiera, todav\u00eda los bancos no nos comenzaron a llamar, o mejor dicho, renovamos la carpeta y eso nos da un poco de alivio, pero no hay un gran cambio que vos digas, estamos igual o mejor. Las encuestas de opini\u00f3n indican que vamos a estar peor que en 2019, las perspectivas no son buenas. Llegar un lunes a las 19 a la sociedad rural de Rafaela, y que haya esta cantidad de productores nos da cierto impulso para seguir haciendo algo\u201d, dijo Bolatti a CASTELLANOS y agreg\u00f3: \u201cyo soy productor tambero, no hago mucha agricultura, nada de ganader\u00eda, pero lo que si tengo claro es que con este nivel de presi\u00f3n impositiva no solo en la producci\u00f3n, sino que tambi\u00e9n pienso en los trabajadores en el ciudadano com\u00fan es muy dif\u00edcil llevar adelante una actividad. Nosotros tenemos un socio muy importante que es el clima, que tambi\u00e9n en estos a\u00f1os lo hemos sufrido, que cuando se baj\u00f3 un poco la presi\u00f3n se puso en marcha la actividad, en estos pueblos dependemos mucho de la econom\u00eda\u201d, dijo.<br \/>\nEl sunchalense habl\u00f3 de dar una se\u00f1al a los gobernantes y mencion\u00f3 las \u201cadvertencias\u201d que se pueden venir: \u201csi no compramos ni vendemos nada se va a sentir que se paraliza la rueda del comercio\u201d, destac\u00f3.<br \/>\nA modo de cierre expres\u00f3 que \u201cnos guste o no, dependemos mucho de la actividad del campo, mucha gente depende del campo, esta zona, la econom\u00eda regional e insisto, nos guste o no hay mucha dependencia. En marzo era la \u00faltima vuelta de la desmalezada, creo que va a pegar fuerte en la producci\u00f3n, pegar en el sentido de que uno no pensaba adem\u00e1s adelantarse a abrir las reservas los que hacemos pastoriles, un poco tambi\u00e9n el tema de la producci\u00f3n, se hab\u00eda intentado empezar a levantar y ahora se estabiliz\u00f3 y casi que comenz\u00f3 a bajar\u201d, finaliz\u00f3 el presidente de dicha entidad.<\/p>\n<p>Intensifican controles de cargas en las rutas<\/p>\n<p>El sector rural promete endurecer la medida de fuerza luego de que ingresaron camiones de hacienda en el Mercado de Liniers, pese al paro del campo. Ayer, decenas de camiones con granos se hicieron presente en los puertos rosarinos de exportaci\u00f3n, y ante esto se intensificar\u00edan los controles de cargas en las rutas.<br \/>\nEn el Mercado de Hacienda de Liniers llegaron 2516 vacunos, diez veces m\u00e1s para un d\u00eda lunes habitual. Operadores de ese mercado se\u00f1alaron que gran parte del ganado ingres\u00f3 el domingo, antes de la entrada en vigor de la protesta. Algunas fuentes sostienen que hubo \u00aboportunismo\u00bb para tratar de aprovechar los precios del viernes pasado. Incluso esto se vio con algunas firmas consignatarias que no suelen recibir hacienda un lunes. La hacienda lleg\u00f3 en su mayor parte de productores de Buenos Aires, C\u00f3rdoba, Santa Fe y Entre R\u00edos.<br \/>\nEl viernes pasado, en la \u00faltima jornada de ventas previo al inicio del paro, y ante la expectativa de operadores de que no iba a haber hacienda por la medida de fuerza, el \u00edndice que mide todas las categor\u00edas en Liniers trep\u00f3 un 10,32% .<br \/>\nPor el lado de los granos, a los puertos rosarinos arribaron 4324 camiones (la mayor\u00eda con ma\u00edz, con 3279 veh\u00edculos). Seg\u00fan se\u00f1alaron fuentes de la Bolsa de Comercio de Rosario, el lunes pasado el ingreso fue de 2645 camiones.<br \/>\nFuentes del sector indicaron que el importante ingreso estar\u00eda ligado a mercader\u00eda que ya ten\u00eda pactada su entrega y que no hacerlo pod\u00eda ocasionar penalidades de parte de los compradores.<\/p>\n<p>Fuente: Diario Castellanos<\/p>\n","protected":false},"excerpt":{"rendered":"<p>La Sociedad Rural de Las Colonias, acompa\u00f1\u00f3 a las entidades de Rafaela, Humberto Primo y Sunchales en una reuni\u00f3n realizada anoche en el Sal\u00f3n Centenario de la Rural para debatir y analizar el nuevo cronograma de retenciones y exportaciones propuesto por el gobierno nacional. Se habl\u00f3 de \u201cfijar posturas\u201d y no de medidas de fuerzas [&hellip;]<\/p>\n","protected":false},"author":5,"featured_media":0,"comment_status":"open","ping_status":"open","sticky":false,"template":"","format":"standard","meta":[],"categories":[42,1394],"tags":[375,312],"_links":{"self":[{"href":"http:\/\/rurallascolonias.com.ar\/index.php?rest_route=\/wp\/v2\/posts\/18597"}],"collection":[{"href":"http:\/\/rurallascolonias.com.ar\/index.php?rest_route=\/wp\/v2\/posts"}],"about":[{"href":"http:\/\/rurallascolonias.com.ar\/index.php?rest_route=\/wp\/v2\/types\/post"}],"author":[{"embeddable":true,"href":"http:\/\/rurallascolonias.com.ar\/index.php?rest_route=\/wp\/v2\/users\/5"}],"replies":[{"embeddable":true,"href":"http:\/\/rurallascolonias.com.ar\/index.php?rest_route=%2Fwp%2Fv2%2Fcomments&post=18597"}],"version-history":[{"count":1,"href":"http:\/\/rurallascolonias.com.ar\/index.php?rest_route=\/wp\/v2\/posts\/18597\/revisions"}],"predecessor-version":[{"id":18600,"href":"http:\/\/rurallascolonias.com.ar\/index.php?rest_route=\/wp\/v2\/posts\/18597\/revisions\/18600"}],"wp:attachment":[{"href":"http:\/\/rurallascolonias.com.ar\/index.php?rest_route=%2Fwp%2Fv2%2Fmedia&parent=18597"}],"wp:term":[{"taxonomy":"category","embeddable":true,"href":"http:\/\/rurallascolonias.com.ar\/index.php?rest_route=%2Fwp%2Fv2%2Fcategories&post=18597"},{"taxonomy":"post_tag","embeddable":true,"href":"http:\/\/rurallascolonias.com.ar\/index.php?rest_route=%2Fwp%2Fv2%2Ftags&post=18597"}],"curies":[{"name":"wp","href":"https:\/\/api.w.org\/{rel}","templated":true}]}}