{"id":18590,"date":"2020-03-07T15:30:53","date_gmt":"2020-03-07T15:30:53","guid":{"rendered":"http:\/\/rurallascolonias.com.ar\/?p=18590"},"modified":"2020-03-07T15:30:53","modified_gmt":"2020-03-07T15:30:53","slug":"paro-del-campo-una-medida-de-fuerza-a-pedido-de-las-bases-y-con-100-de-adhesion","status":"publish","type":"post","link":"http:\/\/rurallascolonias.com.ar\/?p=18590","title":{"rendered":"PARO DEL CAMPO: \u00abUna medida de fuerza a pedido de las bases y con 100% de adhesi\u00f3n\u00bb"},"content":{"rendered":"<h2><em><a href=\"http:\/\/rurallascolonias.com.ar\/?attachment_id=18591\" rel=\"attachment wp-att-18591\"><img loading=\"lazy\" class=\"aligncenter size-full wp-image-18591\" src=\"http:\/\/rurallascolonias.com.ar\/wp-content\/uploads\/2020\/03\/TRIGO.jpg\" alt=\"\" width=\"1200\" height=\"675\" srcset=\"http:\/\/rurallascolonias.com.ar\/wp-content\/uploads\/2020\/03\/TRIGO.jpg 1200w, http:\/\/rurallascolonias.com.ar\/wp-content\/uploads\/2020\/03\/TRIGO-300x169.jpg 300w, http:\/\/rurallascolonias.com.ar\/wp-content\/uploads\/2020\/03\/TRIGO-768x432.jpg 768w, http:\/\/rurallascolonias.com.ar\/wp-content\/uploads\/2020\/03\/TRIGO-1024x576.jpg 1024w, http:\/\/rurallascolonias.com.ar\/wp-content\/uploads\/2020\/03\/TRIGO-600x338.jpg 600w, http:\/\/rurallascolonias.com.ar\/wp-content\/uploads\/2020\/03\/TRIGO-624x351.jpg 624w\" sizes=\"(max-width: 1200px) 100vw, 1200px\" \/><\/a>Desde Carsfe advierten que \u00abhay mucho malestar\u00bb contra una medida que el sector viene rechazando desde hace ya tiempo<\/em><\/h2>\n<p><!--more--><\/p>\n<article class=\"article-body first\">\n<div class=\"article-content selectionShareable\">\n<div class=\"cuerpo\" data-twitter-link=\"\">\n<p><strong>\u201cA pedido de las bases\u201d<\/strong>, as\u00ed confirm\u00f3 el titular de la Confederaci\u00f3n de Asociaciones Rurales de Santa Fe (Carsfe),\u00a0<strong>Carlos Castagnani<\/strong>, la medida de fuerza que realizar\u00e1 el sector desde el lunes y hasta el jueves, en una entrevista realizada por\u00a0<strong>Luis Mino<\/strong>\u00a0en el programa \u201cAhora Vengo\u201d, por\u00a0<strong>Aire de Santa Fe<\/strong>.<\/p>\n<\/div>\n<\/div>\n<\/article>\n<div class=\"banner-libre\">\n<div id=\"eplAdDivinline\"><iframe loading=\"lazy\" id=\"ifr65d178d5550ec98f_289638753779c9ef\" src=\"about:blank\" name=\"ifr65d178d5550ec98f_289638753779c9ef\" width=\"0px\" height=\"0px\" frameborder=\"0\" scrolling=\"no\" data-mce-fragment=\"1\"><\/iframe><\/div>\n<\/div>\n<article class=\"article-body\">\n<div class=\"article-content selectionShareable\">\n<div class=\"cuerpo\" data-twitter-link=\"\">\n<p>La\u00a0<strong>Mesa de Enlace de Entidades Agropecuarias<\/strong>\u00a0decidi\u00f3 realizar la semana pr\u00f3xima un\u00a0<strong>paro por cuatro d\u00edas, de lunes a jueves<\/strong>, para protestar contra la suba de\u00a0<strong>retenciones<\/strong>\u00a0a las exportaciones de soja.<\/p>\n<p>Se lleg\u00f3 a esto, por pedido de las bases,\u00a0<strong>Carsfe<\/strong>\u00a0tiene 30 rurales en todo el territorio de la provincia y el 100% ped\u00eda una acci\u00f3n de protesta\u201d se\u00f1al\u00f3\u00a0<strong>Castagninni<\/strong>.<\/p>\n<p>\u201cAl igual que en Santa Fe, las provincias de C\u00f3rdoba, Entre R\u00edos y Buenos Aires se encuentran en la misma situaci\u00f3n. El paro va a ser total\u201d.<\/p>\n<p>\u201cPor un lado, vemos positivo que no se cort\u00f3 el di\u00e1logo, ambas partes apuestan a continuar con las reuniones\u201d, se\u00f1al\u00f3 el ruralista y advirti\u00f3 que \u201chay mucho malestar contra una medida que venimos rechazando, con un costo injusto para el sector que grava los ingresos brutos\u201d.<\/p>\n<p>\u201cEn ese di\u00e1logo y debate ser\u00e1 nuestra funci\u00f3n convencer y que el Gobierno Nacional entienda que a nuestro criterio est\u00e1n tomando un camino errado\u201d. \u201cCu\u00e1ndo no hubo\u00a0<a class=\"agrupador\" href=\"https:\/\/www.airedesantafe.com.ar\/retenciones-a922\" rel=\"922\">retenciones<\/a>, el\u00a0<a class=\"agrupador\" href=\"https:\/\/www.airedesantafe.com.ar\/campo-a1043\" rel=\"1043\">campo<\/a>\u00a0aport\u00f3 cosechas r\u00e9cord\u201d.\u00a0<strong>\u201cEsta no es una medida eficaz\u201d<\/strong>, coment\u00f3.<\/p>\n<\/div>\n<\/div>\n<\/article>\n","protected":false},"excerpt":{"rendered":"<p>Desde Carsfe advierten que \u00abhay mucho malestar\u00bb contra una medida que el sector viene rechazando desde hace ya tiempo<\/p>\n","protected":false},"author":5,"featured_media":0,"comment_status":"open","ping_status":"open","sticky":false,"template":"","format":"standard","meta":[],"categories":[1],"tags":[],"_links":{"self":[{"href":"http:\/\/rurallascolonias.com.ar\/index.php?rest_route=\/wp\/v2\/posts\/18590"}],"collection":[{"href":"http:\/\/rurallascolonias.com.ar\/index.php?rest_route=\/wp\/v2\/posts"}],"about":[{"href":"http:\/\/rurallascolonias.com.ar\/index.php?rest_route=\/wp\/v2\/types\/post"}],"author":[{"embeddable":true,"href":"http:\/\/rurallascolonias.com.ar\/index.php?rest_route=\/wp\/v2\/users\/5"}],"replies":[{"embeddable":true,"href":"http:\/\/rurallascolonias.com.ar\/index.php?rest_route=%2Fwp%2Fv2%2Fcomments&post=18590"}],"version-history":[{"count":1,"href":"http:\/\/rurallascolonias.com.ar\/index.php?rest_route=\/wp\/v2\/posts\/18590\/revisions"}],"predecessor-version":[{"id":18592,"href":"http:\/\/rurallascolonias.com.ar\/index.php?rest_route=\/wp\/v2\/posts\/18590\/revisions\/18592"}],"wp:attachment":[{"href":"http:\/\/rurallascolonias.com.ar\/index.php?rest_route=%2Fwp%2Fv2%2Fmedia&parent=18590"}],"wp:term":[{"taxonomy":"category","embeddable":true,"href":"http:\/\/rurallascolonias.com.ar\/index.php?rest_route=%2Fwp%2Fv2%2Fcategories&post=18590"},{"taxonomy":"post_tag","embeddable":true,"href":"http:\/\/rurallascolonias.com.ar\/index.php?rest_route=%2Fwp%2Fv2%2Ftags&post=18590"}],"curies":[{"name":"wp","href":"https:\/\/api.w.org\/{rel}","templated":true}]}}