{"id":18578,"date":"2020-03-02T21:57:23","date_gmt":"2020-03-02T21:57:23","guid":{"rendered":"http:\/\/rurallascolonias.com.ar\/?p=18578"},"modified":"2020-03-02T21:57:23","modified_gmt":"2020-03-02T21:57:23","slug":"reunion-sobre-seguridad-rural","status":"publish","type":"post","link":"http:\/\/rurallascolonias.com.ar\/?p=18578","title":{"rendered":"REUNI\u00d3N SOBRE SEGURIDAD RURAL"},"content":{"rendered":"<p><a href=\"http:\/\/rurallascolonias.com.ar\/?attachment_id=18579\" rel=\"attachment wp-att-18579\"><img loading=\"lazy\" class=\"aligncenter size-full wp-image-18579\" src=\"http:\/\/rurallascolonias.com.ar\/wp-content\/uploads\/2020\/03\/20200302_092953.jpg\" alt=\"\" width=\"3264\" height=\"2448\" srcset=\"http:\/\/rurallascolonias.com.ar\/wp-content\/uploads\/2020\/03\/20200302_092953.jpg 3264w, http:\/\/rurallascolonias.com.ar\/wp-content\/uploads\/2020\/03\/20200302_092953-300x225.jpg 300w, http:\/\/rurallascolonias.com.ar\/wp-content\/uploads\/2020\/03\/20200302_092953-768x576.jpg 768w, http:\/\/rurallascolonias.com.ar\/wp-content\/uploads\/2020\/03\/20200302_092953-1024x768.jpg 1024w, http:\/\/rurallascolonias.com.ar\/wp-content\/uploads\/2020\/03\/20200302_092953-600x450.jpg 600w, http:\/\/rurallascolonias.com.ar\/wp-content\/uploads\/2020\/03\/20200302_092953-624x468.jpg 624w\" sizes=\"(max-width: 3264px) 100vw, 3264px\" \/><\/a>Hoy por la ma\u00f1ana el Presidente y Vicepresidente de la Sociedad Rural Diego Alonso y Luis Zurverra respectivamente, junto al Presidente de Fundaci\u00f3n Las Colonias Danilo Steffen, recibieron en la entidad al Lic. Adri\u00e1n Fernandez, Coordinador Seguridad Centro Control Monitoreo de la Municipalidad de la ciudad para coordinar tareas en el Departamento del \u00e1rea peri urbana de Esperanza y Gabriel Passi, jefe de la Guardia Rural Los Pumas quien habl\u00f3 sobre los lineamientos en base a un\u00a0 relevamiento realizado con datos actuales de la zona rural.<\/p>\n<p>El motivo del encuentro fue para planificar las pol\u00edticas de prevenci\u00f3n de delitos rurales (que cada vez son m\u00e1s frecuentes dentro del Departamento Las Colonias) a poner en pr\u00e1ctica en la zona y garantizar as\u00ed, a las autoridades de la seguridad rural, en continuo apoyo y acompa\u00f1amiento de la gesti\u00f3n municipal como de la entidad.<\/p>\n<p>Sociedad Rural de Las Colonias<\/p>\n<p>&nbsp;<\/p>\n<p>&nbsp;<\/p>\n<p>&nbsp;<\/p>\n<p>&nbsp;<\/p>\n<p>&nbsp;<\/p>\n<p>&nbsp;<\/p>\n<p>&nbsp;<\/p>\n","protected":false},"excerpt":{"rendered":"<p>Hoy por la ma\u00f1ana el Presidente y Vicepresidente de la Sociedad Rural Diego Alonso y Luis Zurverra respectivamente, junto al Presidente de Fundaci\u00f3n Las Colonias Danilo Steffen, recibieron en la entidad al Lic. Adri\u00e1n Fernandez, Coordinador Seguridad Centro Control Monitoreo de la Municipalidad de la ciudad para coordinar tareas en el Departamento del \u00e1rea peri [&hellip;]<\/p>\n","protected":false},"author":5,"featured_media":0,"comment_status":"open","ping_status":"open","sticky":false,"template":"","format":"standard","meta":[],"categories":[29],"tags":[74,4328],"_links":{"self":[{"href":"http:\/\/rurallascolonias.com.ar\/index.php?rest_route=\/wp\/v2\/posts\/18578"}],"collection":[{"href":"http:\/\/rurallascolonias.com.ar\/index.php?rest_route=\/wp\/v2\/posts"}],"about":[{"href":"http:\/\/rurallascolonias.com.ar\/index.php?rest_route=\/wp\/v2\/types\/post"}],"author":[{"embeddable":true,"href":"http:\/\/rurallascolonias.com.ar\/index.php?rest_route=\/wp\/v2\/users\/5"}],"replies":[{"embeddable":true,"href":"http:\/\/rurallascolonias.com.ar\/index.php?rest_route=%2Fwp%2Fv2%2Fcomments&post=18578"}],"version-history":[{"count":3,"href":"http:\/\/rurallascolonias.com.ar\/index.php?rest_route=\/wp\/v2\/posts\/18578\/revisions"}],"predecessor-version":[{"id":18583,"href":"http:\/\/rurallascolonias.com.ar\/index.php?rest_route=\/wp\/v2\/posts\/18578\/revisions\/18583"}],"wp:attachment":[{"href":"http:\/\/rurallascolonias.com.ar\/index.php?rest_route=%2Fwp%2Fv2%2Fmedia&parent=18578"}],"wp:term":[{"taxonomy":"category","embeddable":true,"href":"http:\/\/rurallascolonias.com.ar\/index.php?rest_route=%2Fwp%2Fv2%2Fcategories&post=18578"},{"taxonomy":"post_tag","embeddable":true,"href":"http:\/\/rurallascolonias.com.ar\/index.php?rest_route=%2Fwp%2Fv2%2Ftags&post=18578"}],"curies":[{"name":"wp","href":"https:\/\/api.w.org\/{rel}","templated":true}]}}