{"id":18576,"date":"2020-03-02T17:11:00","date_gmt":"2020-03-02T17:11:00","guid":{"rendered":"http:\/\/rurallascolonias.com.ar\/?p=18576"},"modified":"2020-03-02T17:11:00","modified_gmt":"2020-03-02T17:11:00","slug":"se-inicia-la-campana-de-vacunacion-antiaftosa","status":"publish","type":"post","link":"http:\/\/rurallascolonias.com.ar\/?p=18576","title":{"rendered":"SE INICIA LA CAMPA\u00d1A DE VACUNACI\u00d3N ANTIAFTOSA"},"content":{"rendered":"<p><strong><em><a href=\"http:\/\/rurallascolonias.com.ar\/?attachment_id=4361\" rel=\"attachment wp-att-4361\"><img loading=\"lazy\" class=\"aligncenter size-full wp-image-4361\" src=\"http:\/\/rurallascolonias.com.ar\/wp-content\/uploads\/2014\/10\/campa\u00f1a-antiaftosa.png\" alt=\"\" width=\"272\" height=\"185\" \/><\/a>La misma dar\u00e1 inicio el pr\u00f3ximo 9 de marzo y se extender\u00e1 por 45 d\u00edas, costando la vacuna aplicada $90 al productor. Se trata de la vacunaci\u00f3n de todas las categor\u00edas. El viernes 6 del corriente mes se realizar\u00e1 la charla con entrega de las dosis a los profesionales a partir de las 15 hs.\u00a0<\/em><\/strong><!--more--><\/p>\n<p>Desde Sociedad Rural las Colonias, se recomienda a los productores comunicarse con el veterinario, para programar la vacunaci\u00f3n, como as\u00ed tambi\u00e9n se les solicita tener en buenas condiciones las instalaciones (mangas, corrales, etc.) para un correcto trabajo.<\/p>\n<p>Sociedad Rural de Las Colonias<\/p>\n","protected":false},"excerpt":{"rendered":"<p>La misma dar\u00e1 inicio el pr\u00f3ximo 9 de marzo y se extender\u00e1 por 45 d\u00edas, costando la vacuna aplicada $90 al productor. Se trata de la vacunaci\u00f3n de todas las categor\u00edas. El viernes 6 del corriente mes se realizar\u00e1 la charla con entrega de las dosis a los profesionales a partir de las 15 hs.\u00a0<\/p>\n","protected":false},"author":5,"featured_media":0,"comment_status":"open","ping_status":"open","sticky":false,"template":"","format":"standard","meta":[],"categories":[29],"tags":[4263],"_links":{"self":[{"href":"http:\/\/rurallascolonias.com.ar\/index.php?rest_route=\/wp\/v2\/posts\/18576"}],"collection":[{"href":"http:\/\/rurallascolonias.com.ar\/index.php?rest_route=\/wp\/v2\/posts"}],"about":[{"href":"http:\/\/rurallascolonias.com.ar\/index.php?rest_route=\/wp\/v2\/types\/post"}],"author":[{"embeddable":true,"href":"http:\/\/rurallascolonias.com.ar\/index.php?rest_route=\/wp\/v2\/users\/5"}],"replies":[{"embeddable":true,"href":"http:\/\/rurallascolonias.com.ar\/index.php?rest_route=%2Fwp%2Fv2%2Fcomments&post=18576"}],"version-history":[{"count":1,"href":"http:\/\/rurallascolonias.com.ar\/index.php?rest_route=\/wp\/v2\/posts\/18576\/revisions"}],"predecessor-version":[{"id":18577,"href":"http:\/\/rurallascolonias.com.ar\/index.php?rest_route=\/wp\/v2\/posts\/18576\/revisions\/18577"}],"wp:attachment":[{"href":"http:\/\/rurallascolonias.com.ar\/index.php?rest_route=%2Fwp%2Fv2%2Fmedia&parent=18576"}],"wp:term":[{"taxonomy":"category","embeddable":true,"href":"http:\/\/rurallascolonias.com.ar\/index.php?rest_route=%2Fwp%2Fv2%2Fcategories&post=18576"},{"taxonomy":"post_tag","embeddable":true,"href":"http:\/\/rurallascolonias.com.ar\/index.php?rest_route=%2Fwp%2Fv2%2Ftags&post=18576"}],"curies":[{"name":"wp","href":"https:\/\/api.w.org\/{rel}","templated":true}]}}